{"id":1128,"date":"2016-04-28T17:07:55","date_gmt":"2016-04-28T17:07:55","guid":{"rendered":"http:\/\/ignasisayol.com\/nw\/es\/?p=1128"},"modified":"2018-09-17T08:41:09","modified_gmt":"2018-09-17T08:41:09","slug":"grafeno-el-material-del-futuro","status":"publish","type":"post","link":"https:\/\/ignasisayol.com\/es\/grafeno-el-material-del-futuro\/","title":{"rendered":"Grafeno: el material del futuro"},"content":{"rendered":"<p>&nbsp;<\/p>\n<p><img fetchpriority=\"high\" class=\"alignleft size-medium wp-image-973\" src=\"https:\/\/ignasisayol.com\/wp-content\/uploads\/2016\/04\/grafeno-el-material-de-futuro-300x200-1-300x200.jpg\" alt=\"grafeno-el-material-de-futuro-300x200\" width=\"300\" height=\"200\" \/>El grafeno promete revolucionar la tecnolog\u00eda, concretamente y sobre todo, el sector de la telefon\u00eda m\u00f3vil, aunque impactar\u00e1 en muchas industrias. De hecho, la versatilidad del grafeno se contempla para las diferentes formas de presentaci\u00f3n y los diferentes enfoques de cada fabricante en cuanto a su aplicaci\u00f3n industrial.<\/p>\n<p>Hablamos de un material que m\u00e1s all\u00e1 de sus posibilidades en la producci\u00f3n de pantallas de los tel\u00e9fonos inteligentes (smartphones), ofrece posibles aplicaciones en dispositivos como chips que permiten ser incrustados en el cerebro para detectar a tiempo ataques de epilepsia; o tinta que una vez utilizada en la impresi\u00f3n nos permitir\u00e1 interactuar con otros dispositivos.<\/p>\n<p>La anterior es la realidad de un futuro muy pr\u00f3ximo. Aunque quiz\u00e1s no tan cercano como el de las pantallas flexibles, que son posibles gracias tambi\u00e9n al grafeno y que los expertos estiman que estar\u00e1n en el mercado en unos tres a\u00f1os.<\/p>\n<p><strong>Pero vamos por partes, \u00bfqu\u00e9 es el grafeno?<\/strong><\/p>\n<p>Se trata de un material basado en el carbono, tan delgado que se le considera un material de solo dos dimensiones, y uno de los materiales m\u00e1s flexibles, ligeros (es cinco veces m\u00e1s ligero que el aluminio), resistentes (es 200 veces m\u00e1s resistente que el acero) y con mayor conductividad de calor y electricidad que todos los que existen. Adem\u00e1s es relativamente econ\u00f3mico. Tiene, por tanto, todas las caracter\u00edsticas para convertirse en el material protagonista a la hora de construir muchos de los elementos que ya conocemos \u2014y de otros que a\u00fan no\u2014 a un coste m\u00e1s bajo, con un impacto menor y con mayores prestaciones.<\/p>\n<p>Sorprendentemente no es un material nuevo, ya que su estructura se describi\u00f3 hace ocho d\u00e9cadas. Sin embargo, no fue aislado hasta 2004 por los investigadores Andre Geim y Konstantin Novoselov, lo que les llev\u00f3 a conseguir el Premio Nobel de F\u00edsica en 2010.<\/p>\n<p><a href=\"https:\/\/www.nobelprize.org\/nobel_prizes\/physics\/laureates\/2010\/\">http:\/\/www.nobelprize.org\/nobel_prizes\/physics\/laureates\/2010\/<\/a><\/p>\n<p><strong>Aplicaciones actuales<\/strong><\/p>\n<p><strong>Cargadores de grafeno<\/strong><\/p>\n<p>En la pasada edici\u00f3n del Mobile World Congress de Barcelona (MWC 16), una de las empresas presentes fue Zap Go, una startup que centra su actividad en desarrollar bater\u00edas y cargadores de grafeno que permitir\u00e1n cargar dispositivos m\u00f3viles en tan s\u00f3lo cinco minutos.<\/p>\n<p><iframe src=\"https:\/\/www.youtube.com\/embed\/48CUL7n5l-A?wmode=opaque\" width=\"560\" height=\"315\" frameborder=\"0\" allowfullscreen=\"allowfullscreen\"><\/iframe><\/p>\n<p><strong>Pantallas flexibles<\/strong><\/p>\n<p>Quiz\u00e1 una de las aplicaciones m\u00e1s sorprendentes y esperadas\u2026 En s\u00f3lo unos a\u00f1os podr\u00eda permitirnos llevar nuestro m\u00f3vil en la mu\u00f1eca.<br \/>\n<iframe src=\"https:\/\/www.youtube.com\/embed\/A1azlGZiBvc?wmode=opaque\" width=\"560\" height=\"315\" frameborder=\"0\" allowfullscreen=\"allowfullscreen\"><\/iframe><\/p>\n<p><strong>Tinta de grafeno<\/strong><\/p>\n<p>La compa\u00f1\u00eda Novalia present\u00f3 tambi\u00e9n el MWC 16 un p\u00f3ster con audio. El p\u00f3ster mostraba la imagen de una bater\u00eda impresa con tinta de grafeno, y cuando tocabas con los dedos las diferentes partes del instrumento se accionaban unos altavoces que reproduc\u00edan diferentes sonidos.<\/p>\n<p><strong>Y mucho m\u00e1s\u2026<\/strong><\/p>\n<p>Los cargadores de grafeno cambian tambi\u00e9n el sector del autom\u00f3vil; la aeron\u00e1utica tiene todo un material para descubrir tambi\u00e9n, especialmente interesante para esta industria por su ligereza; o el sector sanitario. Como comentaba al inicio, este material permite ser incrustado bajo la piel o prendas para detectar y monitorizar procesos y reacciones de nuestro cuerpo, como las constantes vitales, incluso se plantea ya para recuperar el habla o la visi\u00f3n.<\/p>\n<p>Las posibilidades de este material son casi infinitas. Algunas de ellas se pudieron descubrir en el MWC 16; muchas otras est\u00e1n por desvelar\u2026<\/p>\n<p><strong>Un largo camino por recorrer<\/strong><\/p>\n<p>A pesar de sus caracter\u00edsticas, las enormes expectativas y que ya se ha comenzado a implementar en los procesos de fabricaci\u00f3n de diversos dispositivos y tecnolog\u00edas, la verdad es que queda un importante camino por recorrer.<\/p>\n<p>La fabricaci\u00f3n del propio grafeno en masa es, quiz\u00e1s, una de esas barreras a derribar.<\/p>\n<p>Compa\u00f1\u00edas de la talla de IBM o Samsung centran gran parte de sus esfuerzos precisamente en la investigaci\u00f3n para la producci\u00f3n masiva de grafeno mediante m\u00e9todos que ofrezcan como resultado un material de muy alta calidad que pueda ser empleado en la alta tecnolog\u00eda.<\/p>\n<p>Los investigadores hablan de productos y dispositivos fabricados con grafeno en el mercado en unos 3 a\u00f1os, pero la comercializaci\u00f3n y uso a gran escala tardar\u00e1 un poco m\u00e1s.<\/p>\n<p>Lo que es indudable es que el grafeno ha llegado para quedarse. Y las compa\u00f1\u00edas intentar\u00e1n exprimir sus muchas propiedades para dominar el mercado, a ser posible, antes de divulgarlas.<\/p>\n","protected":false},"excerpt":{"rendered":"<p>&nbsp; El grafeno promete revolucionar la tecnolog\u00eda, concretamente y sobre todo, el sector de&hellip;<\/p>\n","protected":false},"author":1,"featured_media":1965,"comment_status":"open","ping_status":"open","sticky":false,"template":"","format":"standard","meta":[],"categories":[63,42],"tags":[],"yoast_head":"<!-- This site is optimized with the Yoast SEO plugin v20.2.1 - https:\/\/yoast.com\/wordpress\/plugins\/seo\/ -->\n<title>Grafeno: el material del futuro - Ignasi Sayol<\/title>\n<meta name=\"robots\" content=\"index, follow, max-snippet:-1, max-image-preview:large, max-video-preview:-1\" \/>\n<link rel=\"canonical\" href=\"https:\/\/ignasisayol.com\/es\/grafeno-el-material-del-futuro\/\" \/>\n<meta property=\"og:locale\" content=\"es_ES\" \/>\n<meta property=\"og:type\" content=\"article\" \/>\n<meta property=\"og:title\" content=\"Grafeno: el material del futuro - Ignasi Sayol\" \/>\n<meta property=\"og:description\" content=\"&nbsp; El grafeno promete revolucionar la tecnolog\u00eda, concretamente y sobre todo, el sector de&hellip;\" \/>\n<meta property=\"og:url\" content=\"https:\/\/ignasisayol.com\/es\/grafeno-el-material-del-futuro\/\" \/>\n<meta property=\"og:site_name\" content=\"Ignasi Sayol\" \/>\n<meta property=\"article:author\" content=\"https:\/\/www.facebook.com\/ignasi.sayol\" \/>\n<meta property=\"article:published_time\" content=\"2016-04-28T17:07:55+00:00\" \/>\n<meta property=\"article:modified_time\" content=\"2018-09-17T08:41:09+00:00\" \/>\n<meta property=\"og:image\" content=\"https:\/\/ignasisayol.com\/wp-content\/uploads\/2016\/04\/grafeno-el-material-de-futuro-300x200-1.jpg\" \/>\n\t<meta property=\"og:image:width\" content=\"300\" \/>\n\t<meta property=\"og:image:height\" content=\"200\" \/>\n\t<meta property=\"og:image:type\" content=\"image\/jpeg\" \/>\n<meta name=\"author\" content=\"Ignasi Sayol\" \/>\n<meta name=\"twitter:card\" content=\"summary_large_image\" \/>\n<meta name=\"twitter:creator\" content=\"@http:\/\/twitter.com\/isayolsanta\" \/>\n<meta name=\"twitter:label1\" content=\"Escrito por\" \/>\n\t<meta name=\"twitter:data1\" content=\"Ignasi Sayol\" \/>\n\t<meta name=\"twitter:label2\" content=\"Tiempo de lectura\" \/>\n\t<meta name=\"twitter:data2\" content=\"4 minutos\" \/>\n<script type=\"application\/ld+json\" class=\"yoast-schema-graph\">{\"@context\":\"https:\/\/schema.org\",\"@graph\":[{\"@type\":\"WebPage\",\"@id\":\"https:\/\/ignasisayol.com\/es\/grafeno-el-material-del-futuro\/\",\"url\":\"https:\/\/ignasisayol.com\/es\/grafeno-el-material-del-futuro\/\",\"name\":\"Grafeno: el material del futuro - Ignasi Sayol\",\"isPartOf\":{\"@id\":\"https:\/\/ignasisayol.com\/#website\"},\"datePublished\":\"2016-04-28T17:07:55+00:00\",\"dateModified\":\"2018-09-17T08:41:09+00:00\",\"author\":{\"@id\":\"https:\/\/ignasisayol.com\/#\/schema\/person\/d748465f3d81d611e893b0467232287b\"},\"breadcrumb\":{\"@id\":\"https:\/\/ignasisayol.com\/es\/grafeno-el-material-del-futuro\/#breadcrumb\"},\"inLanguage\":\"es\",\"potentialAction\":[{\"@type\":\"ReadAction\",\"target\":[\"https:\/\/ignasisayol.com\/es\/grafeno-el-material-del-futuro\/\"]}]},{\"@type\":\"BreadcrumbList\",\"@id\":\"https:\/\/ignasisayol.com\/es\/grafeno-el-material-del-futuro\/#breadcrumb\",\"itemListElement\":[{\"@type\":\"ListItem\",\"position\":1,\"name\":\"Inici\",\"item\":\"https:\/\/ignasisayol.com\/\"},{\"@type\":\"ListItem\",\"position\":2,\"name\":\"Grafeno: el material del futuro\"}]},{\"@type\":\"WebSite\",\"@id\":\"https:\/\/ignasisayol.com\/#website\",\"url\":\"https:\/\/ignasisayol.com\/\",\"name\":\"Ignasi Sayol\",\"description\":\"\",\"alternateName\":\"Ignasi Sayol\",\"potentialAction\":[{\"@type\":\"SearchAction\",\"target\":{\"@type\":\"EntryPoint\",\"urlTemplate\":\"https:\/\/ignasisayol.com\/?s={search_term_string}\"},\"query-input\":\"required name=search_term_string\"}],\"inLanguage\":\"es\"},{\"@type\":\"Person\",\"@id\":\"https:\/\/ignasisayol.com\/#\/schema\/person\/d748465f3d81d611e893b0467232287b\",\"name\":\"Ignasi Sayol\",\"image\":{\"@type\":\"ImageObject\",\"inLanguage\":\"es\",\"@id\":\"https:\/\/ignasisayol.com\/#\/schema\/person\/image\/\",\"url\":\"https:\/\/ignasisayol.com\/wp-content\/uploads\/2018\/08\/isayolsanta-300x300.jpeg\",\"contentUrl\":\"https:\/\/ignasisayol.com\/wp-content\/uploads\/2018\/08\/isayolsanta-300x300.jpeg\",\"caption\":\"Ignasi Sayol\"},\"description\":\"Engineer &amp; MBA. Entrepreneur. President @logisticCluster &amp; @PIMEC Logistics. Comprom\u00e8s amb la meva fam\u00edlia, el meu treball, Barcelona i Catalunya.\",\"sameAs\":[\"https:\/\/ignasisayol.com\",\"https:\/\/www.facebook.com\/ignasi.sayol\",\"https:\/\/www.instagram.com\/ignasi.sayol\/\",\"https:\/\/twitter.com\/http:\/\/twitter.com\/isayolsanta\"],\"url\":\"https:\/\/ignasisayol.com\/es\/author\/admin\/\"}]}<\/script>\n<!-- \/ Yoast SEO plugin. -->","yoast_head_json":{"title":"Grafeno: el material del futuro - Ignasi Sayol","robots":{"index":"index","follow":"follow","max-snippet":"max-snippet:-1","max-image-preview":"max-image-preview:large","max-video-preview":"max-video-preview:-1"},"canonical":"https:\/\/ignasisayol.com\/es\/grafeno-el-material-del-futuro\/","og_locale":"es_ES","og_type":"article","og_title":"Grafeno: el material del futuro - Ignasi Sayol","og_description":"&nbsp; El grafeno promete revolucionar la tecnolog\u00eda, concretamente y sobre todo, el sector de&hellip;","og_url":"https:\/\/ignasisayol.com\/es\/grafeno-el-material-del-futuro\/","og_site_name":"Ignasi Sayol","article_author":"https:\/\/www.facebook.com\/ignasi.sayol","article_published_time":"2016-04-28T17:07:55+00:00","article_modified_time":"2018-09-17T08:41:09+00:00","og_image":[{"width":300,"height":200,"url":"https:\/\/ignasisayol.com\/wp-content\/uploads\/2016\/04\/grafeno-el-material-de-futuro-300x200-1.jpg","type":"image\/jpeg"}],"author":"Ignasi Sayol","twitter_card":"summary_large_image","twitter_creator":"@http:\/\/twitter.com\/isayolsanta","twitter_misc":{"Escrito por":"Ignasi Sayol","Tiempo de lectura":"4 minutos"},"schema":{"@context":"https:\/\/schema.org","@graph":[{"@type":"WebPage","@id":"https:\/\/ignasisayol.com\/es\/grafeno-el-material-del-futuro\/","url":"https:\/\/ignasisayol.com\/es\/grafeno-el-material-del-futuro\/","name":"Grafeno: el material del futuro - Ignasi Sayol","isPartOf":{"@id":"https:\/\/ignasisayol.com\/#website"},"datePublished":"2016-04-28T17:07:55+00:00","dateModified":"2018-09-17T08:41:09+00:00","author":{"@id":"https:\/\/ignasisayol.com\/#\/schema\/person\/d748465f3d81d611e893b0467232287b"},"breadcrumb":{"@id":"https:\/\/ignasisayol.com\/es\/grafeno-el-material-del-futuro\/#breadcrumb"},"inLanguage":"es","potentialAction":[{"@type":"ReadAction","target":["https:\/\/ignasisayol.com\/es\/grafeno-el-material-del-futuro\/"]}]},{"@type":"BreadcrumbList","@id":"https:\/\/ignasisayol.com\/es\/grafeno-el-material-del-futuro\/#breadcrumb","itemListElement":[{"@type":"ListItem","position":1,"name":"Inici","item":"https:\/\/ignasisayol.com\/"},{"@type":"ListItem","position":2,"name":"Grafeno: el material del futuro"}]},{"@type":"WebSite","@id":"https:\/\/ignasisayol.com\/#website","url":"https:\/\/ignasisayol.com\/","name":"Ignasi Sayol","description":"","alternateName":"Ignasi Sayol","potentialAction":[{"@type":"SearchAction","target":{"@type":"EntryPoint","urlTemplate":"https:\/\/ignasisayol.com\/?s={search_term_string}"},"query-input":"required name=search_term_string"}],"inLanguage":"es"},{"@type":"Person","@id":"https:\/\/ignasisayol.com\/#\/schema\/person\/d748465f3d81d611e893b0467232287b","name":"Ignasi Sayol","image":{"@type":"ImageObject","inLanguage":"es","@id":"https:\/\/ignasisayol.com\/#\/schema\/person\/image\/","url":"https:\/\/ignasisayol.com\/wp-content\/uploads\/2018\/08\/isayolsanta-300x300.jpeg","contentUrl":"https:\/\/ignasisayol.com\/wp-content\/uploads\/2018\/08\/isayolsanta-300x300.jpeg","caption":"Ignasi Sayol"},"description":"Engineer &amp; MBA. Entrepreneur. President @logisticCluster &amp; @PIMEC Logistics. Comprom\u00e8s amb la meva fam\u00edlia, el meu treball, Barcelona i Catalunya.","sameAs":["https:\/\/ignasisayol.com","https:\/\/www.facebook.com\/ignasi.sayol","https:\/\/www.instagram.com\/ignasi.sayol\/","https:\/\/twitter.com\/http:\/\/twitter.com\/isayolsanta"],"url":"https:\/\/ignasisayol.com\/es\/author\/admin\/"}]}},"_links":{"self":[{"href":"https:\/\/ignasisayol.com\/es\/wp-json\/wp\/v2\/posts\/1128"}],"collection":[{"href":"https:\/\/ignasisayol.com\/es\/wp-json\/wp\/v2\/posts"}],"about":[{"href":"https:\/\/ignasisayol.com\/es\/wp-json\/wp\/v2\/types\/post"}],"author":[{"embeddable":true,"href":"https:\/\/ignasisayol.com\/es\/wp-json\/wp\/v2\/users\/1"}],"replies":[{"embeddable":true,"href":"https:\/\/ignasisayol.com\/es\/wp-json\/wp\/v2\/comments?post=1128"}],"version-history":[{"count":4,"href":"https:\/\/ignasisayol.com\/es\/wp-json\/wp\/v2\/posts\/1128\/revisions"}],"predecessor-version":[{"id":3095,"href":"https:\/\/ignasisayol.com\/es\/wp-json\/wp\/v2\/posts\/1128\/revisions\/3095"}],"wp:featuredmedia":[{"embeddable":true,"href":"https:\/\/ignasisayol.com\/es\/wp-json\/wp\/v2\/media\/1965"}],"wp:attachment":[{"href":"https:\/\/ignasisayol.com\/es\/wp-json\/wp\/v2\/media?parent=1128"}],"wp:term":[{"taxonomy":"category","embeddable":true,"href":"https:\/\/ignasisayol.com\/es\/wp-json\/wp\/v2\/categories?post=1128"},{"taxonomy":"post_tag","embeddable":true,"href":"https:\/\/ignasisayol.com\/es\/wp-json\/wp\/v2\/tags?post=1128"}],"curies":[{"name":"wp","href":"https:\/\/api.w.org\/{rel}","templated":true}]}}