{"id":1146,"date":"2016-01-12T17:34:04","date_gmt":"2016-01-12T17:34:04","guid":{"rendered":"http:\/\/ignasisayol.com\/nw\/es\/?p=1146"},"modified":"2024-09-03T22:35:00","modified_gmt":"2024-09-03T20:35:00","slug":"encarando-el-futuro-la-digitalizacion-del-transporte-publico","status":"publish","type":"post","link":"https:\/\/ignasisayol.com\/es\/encarando-el-futuro-la-digitalizacion-del-transporte-publico\/","title":{"rendered":"Encarando el futuro: La digitalizaci\u00f3n del transporte p\u00fablico"},"content":{"rendered":"<p>&nbsp;<\/p>\n<p><img fetchpriority=\"high\" class=\"alignleft size-medium wp-image-978\" src=\"https:\/\/ignasisayol.com\/wp-content\/uploads\/2016\/01\/001_small-300x200-1-300x200.jpg\" alt=\"001_small-300x200\" width=\"300\" height=\"200\" \/>Las nuevas tecnolog\u00edas y la digitalizaci\u00f3n han afectado a todos los sectores. En el caso de los transportes p\u00fablicos no iba a ser menos. Si miramos atr\u00e1s, en 2009, a pesar de que Espa\u00f1a contaba con m\u00e1s de 51 millones de clientes de telefon\u00eda m\u00f3vil, s\u00f3lo 2 millones ten\u00edan un tel\u00e9fono inteligente.<\/p>\n<p>No era f\u00e1cil pensar en ese momento la evoluci\u00f3n de la que ser\u00edamos testigos en s\u00f3lo 6 a\u00f1os. Sin embargo, algunos valientes apostaron de manera decidida por los canales digitales m\u00e1s all\u00e1 de un perfil en Facebook o Twitter. Alrededor de la web, las redes sociales, el marketing relacional y los dispositivos m\u00f3viles han girado en torno al proceso de evoluci\u00f3n.<\/p>\n<p>En el transporte p\u00fablico, empezamos viendo la integraci\u00f3n de sistemas a trav\u00e9s de toda una infraestructura, modesta al principio, de monitores que ofrec\u00edan informaci\u00f3n a los usuarios (estimaci\u00f3n de tiempo, avisos, incidencias, etc.). Pero el ofrecer informaci\u00f3n en tiempo real en cada parada no era suficiente. La informaci\u00f3n era importante, pero fue necesario un redise\u00f1o de procesos, en los que entr\u00f3 en juego la web, el portal m\u00f3vil, las redes sociales y, como mencionaba al principio, el marketing relacional. La clave no estaba s\u00f3lo en ofrecer la informaci\u00f3n, sino en establecer qu\u00e9 informaci\u00f3n hab\u00eda que ofrecer y en qu\u00e9 canales.<\/p>\n<p>Los niveles de penetraci\u00f3n social y usuarios de internet y de dispositivos m\u00f3viles inteligentes han ido creciendo en los \u00faltimos 5 a\u00f1os de manera vertiginosa, lo que ha obligado al sector del transporte p\u00fablico a adaptar de manera continua todos los procesos de transformaci\u00f3n digital. Y la apuesta deb\u00eda centrarse en cuatro principios b\u00e1sicos muy claros:<\/p>\n<ol>\n<li>El usuario. Es de vital importancia ofrecer servicios y productos que cubran las necesidades e intereses de los usuarios.<\/li>\n<li>La especializaci\u00f3n de los canales. Utilizar los canales adecuados en funci\u00f3n del objetivo y el uso que el usuario hace de cada canal.<\/li>\n<li>Personalizaci\u00f3n de la informaci\u00f3n. Ofrecer informaci\u00f3n totalmente personalizada con una apuesta clara por el canal m\u00f3vil.<\/li>\n<li>Optimizar el espacio web. Enfoc\u00e1ndolo a ofrecer una experiencia de usuario \u00fatil y pr\u00e1<\/li>\n<\/ol>\n<p>Hoy, el gran reto que encuentra el sector est\u00e1 en el m\u00f3vil. M\u00e1s bien convertir el pago m\u00f3vil seguro en una realidad y en hacer de los dispositivos m\u00f3viles la puerta de entrada principal a los servicios de movilidad.<\/p>\n<p>Ya son muchas las compa\u00f1\u00edas que, en este sentido, han apostado no s\u00f3lo por la adaptaci\u00f3n de la web en este tipo de dispositivos, sino que incluyen opciones como apps que permiten a los usuarios la personalizaci\u00f3n a trav\u00e9s de la creaci\u00f3n de rutas en funci\u00f3n de los trayectos que realiza, algunos apuestan incluso para servicios de atenci\u00f3n al cliente en tiempo real a trav\u00e9s de mensajer\u00eda instant\u00e1nea desde la propia aplicaci\u00f3n, etc.<\/p>\n<p>Un buen ejemplo de todo ello es la aplicaci\u00f3n de transporte p\u00fablico de Barcelona:<\/p>\n<p>AMBtempsbus:<\/p>\n<p><iframe src=\"https:\/\/www.youtube.com\/embed\/6DzLn0j7ibk?wmode=opaque\" width=\"560\" height=\"315\" frameborder=\"0\" allowfullscreen=\"allowfullscreen\"><\/iframe><\/p>\n<p>Y en cuanto al pago por m\u00f3vil tal vez la tecnolog\u00eda estrella es la NFC (Near Field Communication); una tecnolog\u00eda de comunicaci\u00f3n inal\u00e1mbrica de corto alcance que, adem\u00e1s de servir como herramienta de identificaci\u00f3n y recogida \/ intercambio de datos entre dispositivos, tiene su m\u00e1ximo potencial en el pago a trav\u00e9s del m\u00f3vil. Empresas como Xerox Seamless &#x2122; han aprovechado esta tecnolog\u00eda de plataforma abierta para desarrollar sus propias soluciones. En el caso de esta compa\u00f1\u00eda, consiste en la instalaci\u00f3n de etiquetas NFC en las l\u00edneas de transporte.<\/p>\n<p>Los usuarios solo tienen que descargar la app de la compa\u00f1\u00eda, darse de alta y activar su cuenta. Y para viajar lo \u00fanico que tienen que hacer es tocar cualquier etiqueta NFC con su smartphone para realizar la transacci\u00f3n. Seguidamente os dejo un v\u00eddeo de lo que se est\u00e1 haciendo en el <a href=\"https:\/\/salirporvalencia.com\/metrovalencia-da-un-paso-adelante-la-nueva-accesibilidad-en-sus-maquinas-de-autoventa-que-marcara-la-diferencia\/\"><strong>transporte p\u00fablico de Valencia<\/strong><\/a>:<\/p>\n<p><iframe src=\"https:\/\/www.youtube.com\/embed\/bhdckvvATDY?wmode=opaque\" width=\"560\" height=\"315\" frameborder=\"0\" allowfullscreen=\"allowfullscreen\"><\/iframe><\/p>\n<p>Esta realidad que vemos instalada en algunas ciudades pioneras, seguramente acabar\u00e1 convirti\u00e9ndose en un procedimiento habitual que, seg\u00fan los expertos, adem\u00e1s, contribuir\u00e1 a impulsar el pago a trav\u00e9s del m\u00f3vil en otros \u00e1mbitos y sectores. Actuando el sector p\u00fablico como elemento de tracci\u00f3n para el resto.<\/p>\n<p>Como en otros campos, nos esperan unos pr\u00f3ximos meses y a\u00f1os apasionantes.<\/p>\n<div id=\"ois-1\" class=\"ois-design\"><\/div>\n","protected":false},"excerpt":{"rendered":"<p>&nbsp; Las nuevas tecnolog\u00edas y la digitalizaci\u00f3n han afectado a todos los sectores. En&hellip;<\/p>\n","protected":false},"author":1,"featured_media":1969,"comment_status":"closed","ping_status":"closed","sticky":false,"template":"","format":"standard","meta":[],"categories":[63],"tags":[],"yoast_head":"<!-- This site is optimized with the Yoast SEO plugin v20.2.1 - https:\/\/yoast.com\/wordpress\/plugins\/seo\/ -->\n<title>Encarando el futuro: La digitalizaci\u00f3n del transporte p\u00fablico - Ignasi Sayol<\/title>\n<meta name=\"robots\" content=\"index, follow, max-snippet:-1, max-image-preview:large, max-video-preview:-1\" \/>\n<link rel=\"canonical\" href=\"https:\/\/ignasisayol.com\/es\/encarando-el-futuro-la-digitalizacion-del-transporte-publico\/\" \/>\n<meta property=\"og:locale\" content=\"es_ES\" \/>\n<meta property=\"og:type\" content=\"article\" \/>\n<meta property=\"og:title\" content=\"Encarando el futuro: La digitalizaci\u00f3n del transporte p\u00fablico - Ignasi Sayol\" \/>\n<meta property=\"og:description\" content=\"&nbsp; Las nuevas tecnolog\u00edas y la digitalizaci\u00f3n han afectado a todos los sectores. En&hellip;\" \/>\n<meta property=\"og:url\" content=\"https:\/\/ignasisayol.com\/es\/encarando-el-futuro-la-digitalizacion-del-transporte-publico\/\" \/>\n<meta property=\"og:site_name\" content=\"Ignasi Sayol\" \/>\n<meta property=\"article:author\" content=\"https:\/\/www.facebook.com\/ignasi.sayol\" \/>\n<meta property=\"article:published_time\" content=\"2016-01-12T17:34:04+00:00\" \/>\n<meta property=\"article:modified_time\" content=\"2024-09-03T20:35:00+00:00\" \/>\n<meta property=\"og:image\" content=\"https:\/\/ignasisayol.com\/wp-content\/uploads\/2016\/01\/001_small-300x200-1.jpg\" \/>\n\t<meta property=\"og:image:width\" content=\"300\" \/>\n\t<meta property=\"og:image:height\" content=\"200\" \/>\n\t<meta property=\"og:image:type\" content=\"image\/jpeg\" \/>\n<meta name=\"author\" content=\"Ignasi Sayol\" \/>\n<meta name=\"twitter:card\" content=\"summary_large_image\" \/>\n<meta name=\"twitter:creator\" content=\"@http:\/\/twitter.com\/isayolsanta\" \/>\n<meta name=\"twitter:label1\" content=\"Escrito por\" \/>\n\t<meta name=\"twitter:data1\" content=\"Ignasi Sayol\" \/>\n\t<meta name=\"twitter:label2\" content=\"Tiempo de lectura\" \/>\n\t<meta name=\"twitter:data2\" content=\"4 minutos\" \/>\n<script type=\"application\/ld+json\" class=\"yoast-schema-graph\">{\"@context\":\"https:\/\/schema.org\",\"@graph\":[{\"@type\":\"WebPage\",\"@id\":\"https:\/\/ignasisayol.com\/es\/encarando-el-futuro-la-digitalizacion-del-transporte-publico\/\",\"url\":\"https:\/\/ignasisayol.com\/es\/encarando-el-futuro-la-digitalizacion-del-transporte-publico\/\",\"name\":\"Encarando el futuro: La digitalizaci\u00f3n del transporte p\u00fablico - Ignasi Sayol\",\"isPartOf\":{\"@id\":\"https:\/\/ignasisayol.com\/#website\"},\"datePublished\":\"2016-01-12T17:34:04+00:00\",\"dateModified\":\"2024-09-03T20:35:00+00:00\",\"author\":{\"@id\":\"https:\/\/ignasisayol.com\/#\/schema\/person\/d748465f3d81d611e893b0467232287b\"},\"breadcrumb\":{\"@id\":\"https:\/\/ignasisayol.com\/es\/encarando-el-futuro-la-digitalizacion-del-transporte-publico\/#breadcrumb\"},\"inLanguage\":\"es\",\"potentialAction\":[{\"@type\":\"ReadAction\",\"target\":[\"https:\/\/ignasisayol.com\/es\/encarando-el-futuro-la-digitalizacion-del-transporte-publico\/\"]}]},{\"@type\":\"BreadcrumbList\",\"@id\":\"https:\/\/ignasisayol.com\/es\/encarando-el-futuro-la-digitalizacion-del-transporte-publico\/#breadcrumb\",\"itemListElement\":[{\"@type\":\"ListItem\",\"position\":1,\"name\":\"Inici\",\"item\":\"https:\/\/ignasisayol.com\/\"},{\"@type\":\"ListItem\",\"position\":2,\"name\":\"Encarando el futuro: La digitalizaci\u00f3n del transporte p\u00fablico\"}]},{\"@type\":\"WebSite\",\"@id\":\"https:\/\/ignasisayol.com\/#website\",\"url\":\"https:\/\/ignasisayol.com\/\",\"name\":\"Ignasi Sayol\",\"description\":\"\",\"alternateName\":\"Ignasi Sayol\",\"potentialAction\":[{\"@type\":\"SearchAction\",\"target\":{\"@type\":\"EntryPoint\",\"urlTemplate\":\"https:\/\/ignasisayol.com\/?s={search_term_string}\"},\"query-input\":\"required name=search_term_string\"}],\"inLanguage\":\"es\"},{\"@type\":\"Person\",\"@id\":\"https:\/\/ignasisayol.com\/#\/schema\/person\/d748465f3d81d611e893b0467232287b\",\"name\":\"Ignasi Sayol\",\"image\":{\"@type\":\"ImageObject\",\"inLanguage\":\"es\",\"@id\":\"https:\/\/ignasisayol.com\/#\/schema\/person\/image\/\",\"url\":\"https:\/\/ignasisayol.com\/wp-content\/uploads\/2018\/08\/isayolsanta-300x300.jpeg\",\"contentUrl\":\"https:\/\/ignasisayol.com\/wp-content\/uploads\/2018\/08\/isayolsanta-300x300.jpeg\",\"caption\":\"Ignasi Sayol\"},\"description\":\"Engineer &amp; MBA. Entrepreneur. President @logisticCluster &amp; @PIMEC Logistics. Comprom\u00e8s amb la meva fam\u00edlia, el meu treball, Barcelona i Catalunya.\",\"sameAs\":[\"https:\/\/ignasisayol.com\",\"https:\/\/www.facebook.com\/ignasi.sayol\",\"https:\/\/www.instagram.com\/ignasi.sayol\/\",\"https:\/\/twitter.com\/http:\/\/twitter.com\/isayolsanta\"],\"url\":\"https:\/\/ignasisayol.com\/es\/author\/admin\/\"}]}<\/script>\n<!-- \/ Yoast SEO plugin. -->","yoast_head_json":{"title":"Encarando el futuro: La digitalizaci\u00f3n del transporte p\u00fablico - Ignasi Sayol","robots":{"index":"index","follow":"follow","max-snippet":"max-snippet:-1","max-image-preview":"max-image-preview:large","max-video-preview":"max-video-preview:-1"},"canonical":"https:\/\/ignasisayol.com\/es\/encarando-el-futuro-la-digitalizacion-del-transporte-publico\/","og_locale":"es_ES","og_type":"article","og_title":"Encarando el futuro: La digitalizaci\u00f3n del transporte p\u00fablico - Ignasi Sayol","og_description":"&nbsp; Las nuevas tecnolog\u00edas y la digitalizaci\u00f3n han afectado a todos los sectores. En&hellip;","og_url":"https:\/\/ignasisayol.com\/es\/encarando-el-futuro-la-digitalizacion-del-transporte-publico\/","og_site_name":"Ignasi Sayol","article_author":"https:\/\/www.facebook.com\/ignasi.sayol","article_published_time":"2016-01-12T17:34:04+00:00","article_modified_time":"2024-09-03T20:35:00+00:00","og_image":[{"width":300,"height":200,"url":"https:\/\/ignasisayol.com\/wp-content\/uploads\/2016\/01\/001_small-300x200-1.jpg","type":"image\/jpeg"}],"author":"Ignasi Sayol","twitter_card":"summary_large_image","twitter_creator":"@http:\/\/twitter.com\/isayolsanta","twitter_misc":{"Escrito por":"Ignasi Sayol","Tiempo de lectura":"4 minutos"},"schema":{"@context":"https:\/\/schema.org","@graph":[{"@type":"WebPage","@id":"https:\/\/ignasisayol.com\/es\/encarando-el-futuro-la-digitalizacion-del-transporte-publico\/","url":"https:\/\/ignasisayol.com\/es\/encarando-el-futuro-la-digitalizacion-del-transporte-publico\/","name":"Encarando el futuro: La digitalizaci\u00f3n del transporte p\u00fablico - Ignasi Sayol","isPartOf":{"@id":"https:\/\/ignasisayol.com\/#website"},"datePublished":"2016-01-12T17:34:04+00:00","dateModified":"2024-09-03T20:35:00+00:00","author":{"@id":"https:\/\/ignasisayol.com\/#\/schema\/person\/d748465f3d81d611e893b0467232287b"},"breadcrumb":{"@id":"https:\/\/ignasisayol.com\/es\/encarando-el-futuro-la-digitalizacion-del-transporte-publico\/#breadcrumb"},"inLanguage":"es","potentialAction":[{"@type":"ReadAction","target":["https:\/\/ignasisayol.com\/es\/encarando-el-futuro-la-digitalizacion-del-transporte-publico\/"]}]},{"@type":"BreadcrumbList","@id":"https:\/\/ignasisayol.com\/es\/encarando-el-futuro-la-digitalizacion-del-transporte-publico\/#breadcrumb","itemListElement":[{"@type":"ListItem","position":1,"name":"Inici","item":"https:\/\/ignasisayol.com\/"},{"@type":"ListItem","position":2,"name":"Encarando el futuro: La digitalizaci\u00f3n del transporte p\u00fablico"}]},{"@type":"WebSite","@id":"https:\/\/ignasisayol.com\/#website","url":"https:\/\/ignasisayol.com\/","name":"Ignasi Sayol","description":"","alternateName":"Ignasi Sayol","potentialAction":[{"@type":"SearchAction","target":{"@type":"EntryPoint","urlTemplate":"https:\/\/ignasisayol.com\/?s={search_term_string}"},"query-input":"required name=search_term_string"}],"inLanguage":"es"},{"@type":"Person","@id":"https:\/\/ignasisayol.com\/#\/schema\/person\/d748465f3d81d611e893b0467232287b","name":"Ignasi Sayol","image":{"@type":"ImageObject","inLanguage":"es","@id":"https:\/\/ignasisayol.com\/#\/schema\/person\/image\/","url":"https:\/\/ignasisayol.com\/wp-content\/uploads\/2018\/08\/isayolsanta-300x300.jpeg","contentUrl":"https:\/\/ignasisayol.com\/wp-content\/uploads\/2018\/08\/isayolsanta-300x300.jpeg","caption":"Ignasi Sayol"},"description":"Engineer &amp; MBA. Entrepreneur. President @logisticCluster &amp; @PIMEC Logistics. Comprom\u00e8s amb la meva fam\u00edlia, el meu treball, Barcelona i Catalunya.","sameAs":["https:\/\/ignasisayol.com","https:\/\/www.facebook.com\/ignasi.sayol","https:\/\/www.instagram.com\/ignasi.sayol\/","https:\/\/twitter.com\/http:\/\/twitter.com\/isayolsanta"],"url":"https:\/\/ignasisayol.com\/es\/author\/admin\/"}]}},"_links":{"self":[{"href":"https:\/\/ignasisayol.com\/es\/wp-json\/wp\/v2\/posts\/1146"}],"collection":[{"href":"https:\/\/ignasisayol.com\/es\/wp-json\/wp\/v2\/posts"}],"about":[{"href":"https:\/\/ignasisayol.com\/es\/wp-json\/wp\/v2\/types\/post"}],"author":[{"embeddable":true,"href":"https:\/\/ignasisayol.com\/es\/wp-json\/wp\/v2\/users\/1"}],"replies":[{"embeddable":true,"href":"https:\/\/ignasisayol.com\/es\/wp-json\/wp\/v2\/comments?post=1146"}],"version-history":[{"count":4,"href":"https:\/\/ignasisayol.com\/es\/wp-json\/wp\/v2\/posts\/1146\/revisions"}],"predecessor-version":[{"id":4671,"href":"https:\/\/ignasisayol.com\/es\/wp-json\/wp\/v2\/posts\/1146\/revisions\/4671"}],"wp:featuredmedia":[{"embeddable":true,"href":"https:\/\/ignasisayol.com\/es\/wp-json\/wp\/v2\/media\/1969"}],"wp:attachment":[{"href":"https:\/\/ignasisayol.com\/es\/wp-json\/wp\/v2\/media?parent=1146"}],"wp:term":[{"taxonomy":"category","embeddable":true,"href":"https:\/\/ignasisayol.com\/es\/wp-json\/wp\/v2\/categories?post=1146"},{"taxonomy":"post_tag","embeddable":true,"href":"https:\/\/ignasisayol.com\/es\/wp-json\/wp\/v2\/tags?post=1146"}],"curies":[{"name":"wp","href":"https:\/\/api.w.org\/{rel}","templated":true}]}}