{"id":1183,"date":"2015-03-26T11:07:26","date_gmt":"2015-03-26T11:07:26","guid":{"rendered":"http:\/\/ignasisayol.com\/nw\/es\/?p=1183"},"modified":"2018-09-17T09:09:20","modified_gmt":"2018-09-17T09:09:20","slug":"llevar-a-la-practica-la-logistica-colaborativa","status":"publish","type":"post","link":"https:\/\/ignasisayol.com\/es\/llevar-a-la-practica-la-logistica-colaborativa\/","title":{"rendered":"Llevar a la pr\u00e1ctica la log\u00edstica colaborativa"},"content":{"rendered":"<p><img fetchpriority=\"high\" class=\"wp-image-522 alignleft\" src=\"https:\/\/ignasisayol.com\/wp-content\/uploads\/2015\/03\/logistica-colaborativa.jpg\" alt=\"logistica colaborativa\" width=\"600\" height=\"210\" \/><\/p>\n<p>Pasar del modelo tradicional a un modelo de log\u00edstica colaborativa, tal y como comentaba hace algunas semanas en este post, supone un cambio radical para cualquier compa\u00f1\u00eda; un cambio que tiene como base la implementaci\u00f3n de una cultura colaborativa cuya m\u00e1xima es la confianza y para la que se torna imprescindible una actitud de ganar\/ganar por parte de la organizaci\u00f3n.<\/p>\n<p>Hablaba tambi\u00e9n hace algunas semanas de la gran importancia de compartir proactivamente datos y resultados de la gesti\u00f3n como aspecto clave para el crecimiento de la cadena de suministro. Y es que este modelo tiene como base de funcionamiento la existencia de unos planes conjuntos de negocio e intercambio de informaci\u00f3n. Pero tras toda la teor\u00eda y premisas b\u00e1sicas de la log\u00edstica colaborativa, surge el gran interrogante: \u00bfc\u00f3mo se puede llevar a la pr\u00e1ctica?<\/p>\n<p>Podemos dividir las acciones en tres grandes grupos bien diferenciados y progresivos:<\/p>\n<ol>\n<li><strong>Primero se debe a llevar a cabo una planificaci<\/strong><strong>\u00f3n del plan de negocio colaborativo, que debe incluir un acuerdo de comienzo y fin entre los socios.<\/strong><\/li>\n<\/ol>\n<p>Teniendo en cuenta que operar en base a una cultura colaborativa requiere de relaciones de m\u00e1xima confianza, este primer punto es fundamental para establecer y forjar esa confianza entre las partes o socios. Es en este primer paso donde las organizaciones deben establecer las reglas de colaboraci\u00f3n, definir las expectativas de ambas partes y poner sobre la mesa los recursos que se invertir\u00e1n para ello.<\/p>\n<p>Especificar aspectos como las oportunidades reales para optimizar los beneficios, los indicadores de desempe\u00f1o o fijar los roles de cada socio; entre muchos otros aspectos, es fundamental para comenzar esa relaci\u00f3n de confianza y alcanzar los objetivos.<\/p>\n<p>El intercambio de informaci\u00f3n y comunicaci\u00f3n constante sobre cada parte del proceso es la base de esta actividad y lo que permite generar una estrategia conjunta, que a su vez permitir\u00e1 reducir al m\u00e1ximo las excepciones y realizar un seguimiento de la implantaci\u00f3n f\u00e1cil.<\/p>\n<ol start=\"2\">\n<li><strong>La segunda fase tiene relaci<\/strong><strong>\u00f3n con la previsi\u00f3n <\/strong><strong>de pedidos y de ventas.<\/strong><strong>\u00a0<\/strong><\/li>\n<\/ol>\n<p>Por lo general, la previsi\u00f3n\u00a0de ventas es realizado por una de las partes, que posteriormente comunica a la otra parte implicada en el proceso, y finalmente ese pron\u00f3stico es utilizado como modelo o gu\u00eda para la elaboraci\u00f3n de la siguiente previsi\u00f3n.<\/p>\n<p>Para decidir\u00a0qu\u00e9 parte o socio implicado le corresponde iniciar la elaboraci\u00f3n de la primera previsi\u00f3n \u00a0de ventas, es fundamental indicar en qu\u00e9 fase\u00a0se encuentra cada organizaci\u00f3n dentro de la cadena de abastecimiento.<\/p>\n<p>Concluida y resuelta la cuesti\u00f3n anterior, es momento de identificar y realizar un listado de las excepciones a la previsi\u00f3n ventas. En otras palabras, teniendo en cuenta las hip\u00f3tesis utilizadas para realizar la previsi\u00f3n, identificar claramente c\u00f3mo actuamos en caso de desviaci\u00f3n de cada una de ellas. Cuando iniciamos un proceso colaborativo es especialmente importante dejarlo todo muy claro y definir los objetivos, no sea que si las previsiones no se consiguen, nos echemos la culpa unos a otros. Finalizada la previsi\u00f3n de ventas, el siguiente paso es la elaboraci\u00f3n de una previsi\u00f3n de pedidos. Y en este caso pasa exactamente lo mismo que en el caso de la previsi\u00f3n de ventas: exige indicar en qu\u00e9 fase del proceso se encuentra cada organizaci\u00f3n para decidir\u00a0quien\u00a0ha de elaborarlo.<\/p>\n<p>Una vez indicados los escenarios y llegados a la conclusi\u00f3n de a qui\u00e9n corresponde elaborar la previsi\u00f3n de pedidos, se deben tambi\u00e9n identificar las excepciones a la previsi\u00f3n de pedidos elaborada.<\/p>\n<ol start=\"3\">\n<li><strong>Y finalmente, el <\/strong><strong>\u00faltimo gran paso consiste en el reabastecimiento.<\/strong><strong>\u00a0<\/strong><\/li>\n<\/ol>\n<p>En funci\u00f3n de las competencias de cada parte y las conclusiones a las que se han llegado en el acuerdo inicial, los pedidos pueden ser generados por el proveedor o por el clientes. Independientemente de esos acuerdos iniciales, que pueden variar en funci\u00f3n de los recursos, sistemas de informaci\u00f3n u otros aspectos determinantes, la parte fundamental es que cada pedido cumpla con las previsiones preestablecidos y permanezca incorruptible la intenci\u00f3n y responsabilidad de todas las partes para cumplirlas.<\/p>\n<p>Como conclusi\u00f3n final hay que decir que los primeros pasos de la implantaci\u00f3n de un modelo colaborativo exigen un alto grado de transparencia\u00a0y objetividad. Es especialmente importante definir claramente las hip\u00f3tesis de partida, los indicadores de medida y mostrar \u00a0una actitud permanente de intercambio de informaci\u00f3n. Este es el \u00fanico camino para generar esa confianza tan esencial en las primeras fases. Una vez el proceso est\u00e1 rodado todo es m\u00e1s f\u00e1cil, pero al inicio hay que tener especial cuidado en evitar echarnos la culpa unos a otros.<\/p>\n<p>Resumiendo, triunfamos juntos o fracasamos juntos.<\/p>\n","protected":false},"excerpt":{"rendered":"<p>Pasar del modelo tradicional a un modelo de log\u00edstica colaborativa, tal y como comentaba&hellip;<\/p>\n","protected":false},"author":1,"featured_media":1991,"comment_status":"open","ping_status":"open","sticky":false,"template":"","format":"standard","meta":[],"categories":[59,4],"tags":[],"yoast_head":"<!-- This site is optimized with the Yoast SEO plugin v20.2.1 - https:\/\/yoast.com\/wordpress\/plugins\/seo\/ -->\n<title>Llevar a la pr\u00e1ctica la log\u00edstica colaborativa - Ignasi Sayol<\/title>\n<meta name=\"robots\" content=\"index, follow, max-snippet:-1, max-image-preview:large, max-video-preview:-1\" \/>\n<link rel=\"canonical\" href=\"https:\/\/ignasisayol.com\/es\/llevar-a-la-practica-la-logistica-colaborativa\/\" \/>\n<meta property=\"og:locale\" content=\"es_ES\" \/>\n<meta property=\"og:type\" content=\"article\" \/>\n<meta property=\"og:title\" content=\"Llevar a la pr\u00e1ctica la log\u00edstica colaborativa - Ignasi Sayol\" \/>\n<meta property=\"og:description\" content=\"Pasar del modelo tradicional a un modelo de log\u00edstica colaborativa, tal y como comentaba&hellip;\" \/>\n<meta property=\"og:url\" content=\"https:\/\/ignasisayol.com\/es\/llevar-a-la-practica-la-logistica-colaborativa\/\" \/>\n<meta property=\"og:site_name\" content=\"Ignasi Sayol\" \/>\n<meta property=\"article:author\" content=\"https:\/\/www.facebook.com\/ignasi.sayol\" \/>\n<meta property=\"article:published_time\" content=\"2015-03-26T11:07:26+00:00\" \/>\n<meta property=\"article:modified_time\" content=\"2018-09-17T09:09:20+00:00\" \/>\n<meta property=\"og:image\" content=\"https:\/\/ignasisayol.com\/wp-content\/uploads\/2015\/03\/logistica-colaborativa-1.jpg\" \/>\n\t<meta property=\"og:image:width\" content=\"950\" \/>\n\t<meta property=\"og:image:height\" content=\"332\" \/>\n\t<meta property=\"og:image:type\" content=\"image\/jpeg\" \/>\n<meta name=\"author\" content=\"Ignasi Sayol\" \/>\n<meta name=\"twitter:card\" content=\"summary_large_image\" \/>\n<meta name=\"twitter:creator\" content=\"@http:\/\/twitter.com\/isayolsanta\" \/>\n<meta name=\"twitter:label1\" content=\"Escrito por\" \/>\n\t<meta name=\"twitter:data1\" content=\"Ignasi Sayol\" \/>\n\t<meta name=\"twitter:label2\" content=\"Tiempo de lectura\" \/>\n\t<meta name=\"twitter:data2\" content=\"4 minutos\" \/>\n<script type=\"application\/ld+json\" class=\"yoast-schema-graph\">{\"@context\":\"https:\/\/schema.org\",\"@graph\":[{\"@type\":\"WebPage\",\"@id\":\"https:\/\/ignasisayol.com\/es\/llevar-a-la-practica-la-logistica-colaborativa\/\",\"url\":\"https:\/\/ignasisayol.com\/es\/llevar-a-la-practica-la-logistica-colaborativa\/\",\"name\":\"Llevar a la pr\u00e1ctica la log\u00edstica colaborativa - Ignasi Sayol\",\"isPartOf\":{\"@id\":\"https:\/\/ignasisayol.com\/#website\"},\"datePublished\":\"2015-03-26T11:07:26+00:00\",\"dateModified\":\"2018-09-17T09:09:20+00:00\",\"author\":{\"@id\":\"https:\/\/ignasisayol.com\/#\/schema\/person\/d748465f3d81d611e893b0467232287b\"},\"breadcrumb\":{\"@id\":\"https:\/\/ignasisayol.com\/es\/llevar-a-la-practica-la-logistica-colaborativa\/#breadcrumb\"},\"inLanguage\":\"es\",\"potentialAction\":[{\"@type\":\"ReadAction\",\"target\":[\"https:\/\/ignasisayol.com\/es\/llevar-a-la-practica-la-logistica-colaborativa\/\"]}]},{\"@type\":\"BreadcrumbList\",\"@id\":\"https:\/\/ignasisayol.com\/es\/llevar-a-la-practica-la-logistica-colaborativa\/#breadcrumb\",\"itemListElement\":[{\"@type\":\"ListItem\",\"position\":1,\"name\":\"Inici\",\"item\":\"https:\/\/ignasisayol.com\/\"},{\"@type\":\"ListItem\",\"position\":2,\"name\":\"Llevar a la pr\u00e1ctica la log\u00edstica colaborativa\"}]},{\"@type\":\"WebSite\",\"@id\":\"https:\/\/ignasisayol.com\/#website\",\"url\":\"https:\/\/ignasisayol.com\/\",\"name\":\"Ignasi Sayol\",\"description\":\"\",\"alternateName\":\"Ignasi Sayol\",\"potentialAction\":[{\"@type\":\"SearchAction\",\"target\":{\"@type\":\"EntryPoint\",\"urlTemplate\":\"https:\/\/ignasisayol.com\/?s={search_term_string}\"},\"query-input\":\"required name=search_term_string\"}],\"inLanguage\":\"es\"},{\"@type\":\"Person\",\"@id\":\"https:\/\/ignasisayol.com\/#\/schema\/person\/d748465f3d81d611e893b0467232287b\",\"name\":\"Ignasi Sayol\",\"image\":{\"@type\":\"ImageObject\",\"inLanguage\":\"es\",\"@id\":\"https:\/\/ignasisayol.com\/#\/schema\/person\/image\/\",\"url\":\"https:\/\/ignasisayol.com\/wp-content\/uploads\/2018\/08\/isayolsanta-300x300.jpeg\",\"contentUrl\":\"https:\/\/ignasisayol.com\/wp-content\/uploads\/2018\/08\/isayolsanta-300x300.jpeg\",\"caption\":\"Ignasi Sayol\"},\"description\":\"Engineer &amp; MBA. Entrepreneur. President @logisticCluster &amp; @PIMEC Logistics. Comprom\u00e8s amb la meva fam\u00edlia, el meu treball, Barcelona i Catalunya.\",\"sameAs\":[\"https:\/\/ignasisayol.com\",\"https:\/\/www.facebook.com\/ignasi.sayol\",\"https:\/\/www.instagram.com\/ignasi.sayol\/\",\"https:\/\/twitter.com\/http:\/\/twitter.com\/isayolsanta\"],\"url\":\"https:\/\/ignasisayol.com\/es\/author\/admin\/\"}]}<\/script>\n<!-- \/ Yoast SEO plugin. -->","yoast_head_json":{"title":"Llevar a la pr\u00e1ctica la log\u00edstica colaborativa - Ignasi Sayol","robots":{"index":"index","follow":"follow","max-snippet":"max-snippet:-1","max-image-preview":"max-image-preview:large","max-video-preview":"max-video-preview:-1"},"canonical":"https:\/\/ignasisayol.com\/es\/llevar-a-la-practica-la-logistica-colaborativa\/","og_locale":"es_ES","og_type":"article","og_title":"Llevar a la pr\u00e1ctica la log\u00edstica colaborativa - Ignasi Sayol","og_description":"Pasar del modelo tradicional a un modelo de log\u00edstica colaborativa, tal y como comentaba&hellip;","og_url":"https:\/\/ignasisayol.com\/es\/llevar-a-la-practica-la-logistica-colaborativa\/","og_site_name":"Ignasi Sayol","article_author":"https:\/\/www.facebook.com\/ignasi.sayol","article_published_time":"2015-03-26T11:07:26+00:00","article_modified_time":"2018-09-17T09:09:20+00:00","og_image":[{"width":950,"height":332,"url":"https:\/\/ignasisayol.com\/wp-content\/uploads\/2015\/03\/logistica-colaborativa-1.jpg","type":"image\/jpeg"}],"author":"Ignasi Sayol","twitter_card":"summary_large_image","twitter_creator":"@http:\/\/twitter.com\/isayolsanta","twitter_misc":{"Escrito por":"Ignasi Sayol","Tiempo de lectura":"4 minutos"},"schema":{"@context":"https:\/\/schema.org","@graph":[{"@type":"WebPage","@id":"https:\/\/ignasisayol.com\/es\/llevar-a-la-practica-la-logistica-colaborativa\/","url":"https:\/\/ignasisayol.com\/es\/llevar-a-la-practica-la-logistica-colaborativa\/","name":"Llevar a la pr\u00e1ctica la log\u00edstica colaborativa - Ignasi Sayol","isPartOf":{"@id":"https:\/\/ignasisayol.com\/#website"},"datePublished":"2015-03-26T11:07:26+00:00","dateModified":"2018-09-17T09:09:20+00:00","author":{"@id":"https:\/\/ignasisayol.com\/#\/schema\/person\/d748465f3d81d611e893b0467232287b"},"breadcrumb":{"@id":"https:\/\/ignasisayol.com\/es\/llevar-a-la-practica-la-logistica-colaborativa\/#breadcrumb"},"inLanguage":"es","potentialAction":[{"@type":"ReadAction","target":["https:\/\/ignasisayol.com\/es\/llevar-a-la-practica-la-logistica-colaborativa\/"]}]},{"@type":"BreadcrumbList","@id":"https:\/\/ignasisayol.com\/es\/llevar-a-la-practica-la-logistica-colaborativa\/#breadcrumb","itemListElement":[{"@type":"ListItem","position":1,"name":"Inici","item":"https:\/\/ignasisayol.com\/"},{"@type":"ListItem","position":2,"name":"Llevar a la pr\u00e1ctica la log\u00edstica colaborativa"}]},{"@type":"WebSite","@id":"https:\/\/ignasisayol.com\/#website","url":"https:\/\/ignasisayol.com\/","name":"Ignasi Sayol","description":"","alternateName":"Ignasi Sayol","potentialAction":[{"@type":"SearchAction","target":{"@type":"EntryPoint","urlTemplate":"https:\/\/ignasisayol.com\/?s={search_term_string}"},"query-input":"required name=search_term_string"}],"inLanguage":"es"},{"@type":"Person","@id":"https:\/\/ignasisayol.com\/#\/schema\/person\/d748465f3d81d611e893b0467232287b","name":"Ignasi Sayol","image":{"@type":"ImageObject","inLanguage":"es","@id":"https:\/\/ignasisayol.com\/#\/schema\/person\/image\/","url":"https:\/\/ignasisayol.com\/wp-content\/uploads\/2018\/08\/isayolsanta-300x300.jpeg","contentUrl":"https:\/\/ignasisayol.com\/wp-content\/uploads\/2018\/08\/isayolsanta-300x300.jpeg","caption":"Ignasi Sayol"},"description":"Engineer &amp; MBA. Entrepreneur. President @logisticCluster &amp; @PIMEC Logistics. Comprom\u00e8s amb la meva fam\u00edlia, el meu treball, Barcelona i Catalunya.","sameAs":["https:\/\/ignasisayol.com","https:\/\/www.facebook.com\/ignasi.sayol","https:\/\/www.instagram.com\/ignasi.sayol\/","https:\/\/twitter.com\/http:\/\/twitter.com\/isayolsanta"],"url":"https:\/\/ignasisayol.com\/es\/author\/admin\/"}]}},"_links":{"self":[{"href":"https:\/\/ignasisayol.com\/es\/wp-json\/wp\/v2\/posts\/1183"}],"collection":[{"href":"https:\/\/ignasisayol.com\/es\/wp-json\/wp\/v2\/posts"}],"about":[{"href":"https:\/\/ignasisayol.com\/es\/wp-json\/wp\/v2\/types\/post"}],"author":[{"embeddable":true,"href":"https:\/\/ignasisayol.com\/es\/wp-json\/wp\/v2\/users\/1"}],"replies":[{"embeddable":true,"href":"https:\/\/ignasisayol.com\/es\/wp-json\/wp\/v2\/comments?post=1183"}],"version-history":[{"count":2,"href":"https:\/\/ignasisayol.com\/es\/wp-json\/wp\/v2\/posts\/1183\/revisions"}],"predecessor-version":[{"id":3176,"href":"https:\/\/ignasisayol.com\/es\/wp-json\/wp\/v2\/posts\/1183\/revisions\/3176"}],"wp:featuredmedia":[{"embeddable":true,"href":"https:\/\/ignasisayol.com\/es\/wp-json\/wp\/v2\/media\/1991"}],"wp:attachment":[{"href":"https:\/\/ignasisayol.com\/es\/wp-json\/wp\/v2\/media?parent=1183"}],"wp:term":[{"taxonomy":"category","embeddable":true,"href":"https:\/\/ignasisayol.com\/es\/wp-json\/wp\/v2\/categories?post=1183"},{"taxonomy":"post_tag","embeddable":true,"href":"https:\/\/ignasisayol.com\/es\/wp-json\/wp\/v2\/tags?post=1183"}],"curies":[{"name":"wp","href":"https:\/\/api.w.org\/{rel}","templated":true}]}}