{"id":1199,"date":"2014-11-27T11:24:02","date_gmt":"2014-11-27T11:24:02","guid":{"rendered":"http:\/\/ignasisayol.com\/nw\/es\/?p=1199"},"modified":"2018-09-17T08:35:50","modified_gmt":"2018-09-17T08:35:50","slug":"nuevos-retos-en-la-planificacion-de-las-cadenas-de-suministro","status":"publish","type":"post","link":"https:\/\/ignasisayol.com\/es\/nuevos-retos-en-la-planificacion-de-las-cadenas-de-suministro\/","title":{"rendered":"Nuevos retos en la planificaci\u00f3n de las cadenas de suministro"},"content":{"rendered":"<p>La planificaci\u00f3n de la cadena de suministro est\u00e1 compuesta por todos aquellos procesos, actividades y agentes implicados en satisfacer la demanda del cliente, proveyendo el producto o servicio solicitado en las condiciones adecuadas. Como podemos ver en el diagrama siguiente, estos procesos van desde la gesti\u00f3n de portfolio de productos o servicios hasta la entrega del producto o servicio a nuestros clientes.<\/p>\n<p><img fetchpriority=\"high\" class=\"aligncenter size-full wp-image-1011\" src=\"https:\/\/ignasisayol.com\/wp-content\/uploads\/2014\/11\/Nous-reptes-en-la-planificaci&oacute;-de-les-cadenes-de-subministrament-1.png\" alt=\"Nous-reptes-en-la-planificaci\u00f3-de-les-cadenes-de-subministrament\" width=\"883\" height=\"268\" \/><\/p>\n<p>Las evoluci\u00f3n de las nuevas tecnolog\u00edas y la irrupci\u00f3n de las nuevas herramientas IT, irremediablemente, han condicionado la planificaci\u00f3n de las cadenas de suministro. Por una parte facilitan y mejoran su dise\u00f1o, control y gesti\u00f3n; pero por otra parte han dado lugar a un panorama totalmente nuevo, cargado de retos y nuevas oportunidades que exigen una actualizaci\u00f3n, revisi\u00f3n y adaptaci\u00f3n constante de la planificaci\u00f3n de las cadenas de suministro.<\/p>\n<p>Las nuevas oportunidades asociadas, por ejemplo, al comercio electr\u00f3nico B2C, o la exigencia de los consumidores a recibir soluciones personalizadas, han transformado el mercado y dado lugar a cambios y nuevos retos en la planificaci\u00f3n y gesti\u00f3n de las cadenas de suministro y dem\u00e1s \u00e1reas que forman parte del abastecimiento de productos y servicios.<\/p>\n<p>Hasta hace pocos a\u00f1os, la planificaci\u00f3n de las cadenas de suministro ten\u00eda lugar en un marco en el que el conjunto de aplicaciones y herramientas tecnol\u00f3gicas, aunque simplificaban y optimizaban los procesos, no condicionaban la planificaci\u00f3n de una manera determinante.<\/p>\n<p>Hoy, la planificaci\u00f3n de cualquier cadena de suministro presenta una mayor complejidad, en parte potenciada por los avances tecnol\u00f3gicos y la imparable sofisticaci\u00f3n de todo tipo de herramientas y aplicaciones. Aunque tambi\u00e9n, por supuesto, por la necesidad de realizar operaciones personalizadas en los procesos, la exigencia de la inmediatez en el abastecimiento y en avance a pasos de gigante de un mercado en constante crecimiento.<\/p>\n<p>Todas las \u00e1reas relacionadas con las cadenas de suministros se han visto afectadas por estos avances, pero de un modo m\u00e1s notable y quiz\u00e1 relevante la planificaci\u00f3n. Hoy, los mercados exigen la elaboraci\u00f3n de controles de stocks mucho m\u00e1s precisos y ajustados, la realizaci\u00f3n de previsiones de ventas y crecimiento avalados por datos y estudios constantes y tambi\u00e9n cada vez m\u00e1s minuciosos y complejos, el dise\u00f1o de estrategias tanto en la producci\u00f3n como en la gesti\u00f3n de activos, incluso una log\u00edstica din\u00e1mica, flexible y adaptable que se ajuste a una realidad que var\u00eda de manera constante. En este sentido, podemos incluso hablar de tener diferentes canales de entrega de productos, adaptados al nivel de servicio requerido por la diferente tipolog\u00eda de clientes.<\/p>\n<p>Comentaba antes que el ecommerce o comercio electr\u00f3nico ha sido una de las principales causas de esta transformaci\u00f3n. Existen muchas otras, pero lo cierto es que en este caso se re\u00fanen todos los retos y oportunidades que se presentan hoy en d\u00eda en lo que a la planificaci\u00f3n de cadenas de suministro se refiere.<\/p>\n<p>\u2013 La prestaci\u00f3n de servicios y soluciones personalizadas a los clientes\/consumidores.<\/p>\n<p>\u2013 La transformaci\u00f3n de pol\u00edticas de precios y servicios<\/p>\n<p>\u2013 La cada vez m\u00e1s complicada fidelizaci\u00f3n de los clientes<\/p>\n<p>\u2013 La importancia de la pol\u00edtica de costes<\/p>\n<p>\u2013 La cada vez mayor y m\u00e1s fuerte presencia a nivel internacional<\/p>\n<p>\u2013 La necesidad de fragmentar los nichos de mercado tradicionales<\/p>\n<p>Por un lado, las oportunidades de negocio han aumentado. Pero por otro lado, sobrevivir se ha convertido en un asunto de vital importancia frente a la tradicional b\u00fasqueda de la rentabilidad.<\/p>\n<p>Dentro del marco y escenarios actuales, una correcta planificaci\u00f3n de la cadena de suministros se torna de vital importancia y aspecto clave para garantizar el \u00e9xito de cualquier estrategia empresarial.<\/p>\n","protected":false},"excerpt":{"rendered":"<p>La planificaci\u00f3n de la cadena de suministro est\u00e1 compuesta por todos aquellos procesos, actividades&hellip;<\/p>\n","protected":false},"author":1,"featured_media":1999,"comment_status":"open","ping_status":"open","sticky":false,"template":"","format":"standard","meta":[],"categories":[61,60],"tags":[],"yoast_head":"<!-- This site is optimized with the Yoast SEO plugin v20.2.1 - https:\/\/yoast.com\/wordpress\/plugins\/seo\/ -->\n<title>Nuevos retos en la planificaci\u00f3n de las cadenas de suministro - Ignasi Sayol<\/title>\n<meta name=\"robots\" content=\"index, follow, max-snippet:-1, max-image-preview:large, max-video-preview:-1\" \/>\n<link rel=\"canonical\" href=\"https:\/\/ignasisayol.com\/es\/nuevos-retos-en-la-planificacion-de-las-cadenas-de-suministro\/\" \/>\n<meta property=\"og:locale\" content=\"es_ES\" \/>\n<meta property=\"og:type\" content=\"article\" \/>\n<meta property=\"og:title\" content=\"Nuevos retos en la planificaci\u00f3n de las cadenas de suministro - Ignasi Sayol\" \/>\n<meta property=\"og:description\" content=\"La planificaci\u00f3n de la cadena de suministro est\u00e1 compuesta por todos aquellos procesos, actividades&hellip;\" \/>\n<meta property=\"og:url\" content=\"https:\/\/ignasisayol.com\/es\/nuevos-retos-en-la-planificacion-de-las-cadenas-de-suministro\/\" \/>\n<meta property=\"og:site_name\" content=\"Ignasi Sayol\" \/>\n<meta property=\"article:author\" content=\"https:\/\/www.facebook.com\/ignasi.sayol\" \/>\n<meta property=\"article:published_time\" content=\"2014-11-27T11:24:02+00:00\" \/>\n<meta property=\"article:modified_time\" content=\"2018-09-17T08:35:50+00:00\" \/>\n<meta property=\"og:image\" content=\"https:\/\/ignasisayol.com\/wp-content\/uploads\/2014\/11\/Nous-reptes-en-la-planificaci\u00f3-de-les-cadenes-de-subministrament-1.png\" \/>\n\t<meta property=\"og:image:width\" content=\"883\" \/>\n\t<meta property=\"og:image:height\" content=\"268\" \/>\n\t<meta property=\"og:image:type\" content=\"image\/png\" \/>\n<meta name=\"author\" content=\"Ignasi Sayol\" \/>\n<meta name=\"twitter:card\" content=\"summary_large_image\" \/>\n<meta name=\"twitter:creator\" content=\"@http:\/\/twitter.com\/isayolsanta\" \/>\n<meta name=\"twitter:label1\" content=\"Escrito por\" \/>\n\t<meta name=\"twitter:data1\" content=\"Ignasi Sayol\" \/>\n\t<meta name=\"twitter:label2\" content=\"Tiempo de lectura\" \/>\n\t<meta name=\"twitter:data2\" content=\"3 minutos\" \/>\n<script type=\"application\/ld+json\" class=\"yoast-schema-graph\">{\"@context\":\"https:\/\/schema.org\",\"@graph\":[{\"@type\":\"WebPage\",\"@id\":\"https:\/\/ignasisayol.com\/es\/nuevos-retos-en-la-planificacion-de-las-cadenas-de-suministro\/\",\"url\":\"https:\/\/ignasisayol.com\/es\/nuevos-retos-en-la-planificacion-de-las-cadenas-de-suministro\/\",\"name\":\"Nuevos retos en la planificaci\u00f3n de las cadenas de suministro - Ignasi Sayol\",\"isPartOf\":{\"@id\":\"https:\/\/ignasisayol.com\/#website\"},\"datePublished\":\"2014-11-27T11:24:02+00:00\",\"dateModified\":\"2018-09-17T08:35:50+00:00\",\"author\":{\"@id\":\"https:\/\/ignasisayol.com\/#\/schema\/person\/d748465f3d81d611e893b0467232287b\"},\"breadcrumb\":{\"@id\":\"https:\/\/ignasisayol.com\/es\/nuevos-retos-en-la-planificacion-de-las-cadenas-de-suministro\/#breadcrumb\"},\"inLanguage\":\"es\",\"potentialAction\":[{\"@type\":\"ReadAction\",\"target\":[\"https:\/\/ignasisayol.com\/es\/nuevos-retos-en-la-planificacion-de-las-cadenas-de-suministro\/\"]}]},{\"@type\":\"BreadcrumbList\",\"@id\":\"https:\/\/ignasisayol.com\/es\/nuevos-retos-en-la-planificacion-de-las-cadenas-de-suministro\/#breadcrumb\",\"itemListElement\":[{\"@type\":\"ListItem\",\"position\":1,\"name\":\"Inici\",\"item\":\"https:\/\/ignasisayol.com\/\"},{\"@type\":\"ListItem\",\"position\":2,\"name\":\"Nuevos retos en la planificaci\u00f3n de las cadenas de suministro\"}]},{\"@type\":\"WebSite\",\"@id\":\"https:\/\/ignasisayol.com\/#website\",\"url\":\"https:\/\/ignasisayol.com\/\",\"name\":\"Ignasi Sayol\",\"description\":\"\",\"alternateName\":\"Ignasi Sayol\",\"potentialAction\":[{\"@type\":\"SearchAction\",\"target\":{\"@type\":\"EntryPoint\",\"urlTemplate\":\"https:\/\/ignasisayol.com\/?s={search_term_string}\"},\"query-input\":\"required name=search_term_string\"}],\"inLanguage\":\"es\"},{\"@type\":\"Person\",\"@id\":\"https:\/\/ignasisayol.com\/#\/schema\/person\/d748465f3d81d611e893b0467232287b\",\"name\":\"Ignasi Sayol\",\"image\":{\"@type\":\"ImageObject\",\"inLanguage\":\"es\",\"@id\":\"https:\/\/ignasisayol.com\/#\/schema\/person\/image\/\",\"url\":\"https:\/\/ignasisayol.com\/wp-content\/uploads\/2018\/08\/isayolsanta-300x300.jpeg\",\"contentUrl\":\"https:\/\/ignasisayol.com\/wp-content\/uploads\/2018\/08\/isayolsanta-300x300.jpeg\",\"caption\":\"Ignasi Sayol\"},\"description\":\"Engineer &amp; MBA. Entrepreneur. President @logisticCluster &amp; @PIMEC Logistics. Comprom\u00e8s amb la meva fam\u00edlia, el meu treball, Barcelona i Catalunya.\",\"sameAs\":[\"https:\/\/ignasisayol.com\",\"https:\/\/www.facebook.com\/ignasi.sayol\",\"https:\/\/www.instagram.com\/ignasi.sayol\/\",\"https:\/\/twitter.com\/http:\/\/twitter.com\/isayolsanta\"],\"url\":\"https:\/\/ignasisayol.com\/es\/author\/admin\/\"}]}<\/script>\n<!-- \/ Yoast SEO plugin. -->","yoast_head_json":{"title":"Nuevos retos en la planificaci\u00f3n de las cadenas de suministro - Ignasi Sayol","robots":{"index":"index","follow":"follow","max-snippet":"max-snippet:-1","max-image-preview":"max-image-preview:large","max-video-preview":"max-video-preview:-1"},"canonical":"https:\/\/ignasisayol.com\/es\/nuevos-retos-en-la-planificacion-de-las-cadenas-de-suministro\/","og_locale":"es_ES","og_type":"article","og_title":"Nuevos retos en la planificaci\u00f3n de las cadenas de suministro - Ignasi Sayol","og_description":"La planificaci\u00f3n de la cadena de suministro est\u00e1 compuesta por todos aquellos procesos, actividades&hellip;","og_url":"https:\/\/ignasisayol.com\/es\/nuevos-retos-en-la-planificacion-de-las-cadenas-de-suministro\/","og_site_name":"Ignasi Sayol","article_author":"https:\/\/www.facebook.com\/ignasi.sayol","article_published_time":"2014-11-27T11:24:02+00:00","article_modified_time":"2018-09-17T08:35:50+00:00","og_image":[{"width":883,"height":268,"url":"https:\/\/ignasisayol.com\/wp-content\/uploads\/2014\/11\/Nous-reptes-en-la-planificaci\u00f3-de-les-cadenes-de-subministrament-1.png","type":"image\/png"}],"author":"Ignasi Sayol","twitter_card":"summary_large_image","twitter_creator":"@http:\/\/twitter.com\/isayolsanta","twitter_misc":{"Escrito por":"Ignasi Sayol","Tiempo de lectura":"3 minutos"},"schema":{"@context":"https:\/\/schema.org","@graph":[{"@type":"WebPage","@id":"https:\/\/ignasisayol.com\/es\/nuevos-retos-en-la-planificacion-de-las-cadenas-de-suministro\/","url":"https:\/\/ignasisayol.com\/es\/nuevos-retos-en-la-planificacion-de-las-cadenas-de-suministro\/","name":"Nuevos retos en la planificaci\u00f3n de las cadenas de suministro - Ignasi Sayol","isPartOf":{"@id":"https:\/\/ignasisayol.com\/#website"},"datePublished":"2014-11-27T11:24:02+00:00","dateModified":"2018-09-17T08:35:50+00:00","author":{"@id":"https:\/\/ignasisayol.com\/#\/schema\/person\/d748465f3d81d611e893b0467232287b"},"breadcrumb":{"@id":"https:\/\/ignasisayol.com\/es\/nuevos-retos-en-la-planificacion-de-las-cadenas-de-suministro\/#breadcrumb"},"inLanguage":"es","potentialAction":[{"@type":"ReadAction","target":["https:\/\/ignasisayol.com\/es\/nuevos-retos-en-la-planificacion-de-las-cadenas-de-suministro\/"]}]},{"@type":"BreadcrumbList","@id":"https:\/\/ignasisayol.com\/es\/nuevos-retos-en-la-planificacion-de-las-cadenas-de-suministro\/#breadcrumb","itemListElement":[{"@type":"ListItem","position":1,"name":"Inici","item":"https:\/\/ignasisayol.com\/"},{"@type":"ListItem","position":2,"name":"Nuevos retos en la planificaci\u00f3n de las cadenas de suministro"}]},{"@type":"WebSite","@id":"https:\/\/ignasisayol.com\/#website","url":"https:\/\/ignasisayol.com\/","name":"Ignasi Sayol","description":"","alternateName":"Ignasi Sayol","potentialAction":[{"@type":"SearchAction","target":{"@type":"EntryPoint","urlTemplate":"https:\/\/ignasisayol.com\/?s={search_term_string}"},"query-input":"required name=search_term_string"}],"inLanguage":"es"},{"@type":"Person","@id":"https:\/\/ignasisayol.com\/#\/schema\/person\/d748465f3d81d611e893b0467232287b","name":"Ignasi Sayol","image":{"@type":"ImageObject","inLanguage":"es","@id":"https:\/\/ignasisayol.com\/#\/schema\/person\/image\/","url":"https:\/\/ignasisayol.com\/wp-content\/uploads\/2018\/08\/isayolsanta-300x300.jpeg","contentUrl":"https:\/\/ignasisayol.com\/wp-content\/uploads\/2018\/08\/isayolsanta-300x300.jpeg","caption":"Ignasi Sayol"},"description":"Engineer &amp; MBA. Entrepreneur. President @logisticCluster &amp; @PIMEC Logistics. Comprom\u00e8s amb la meva fam\u00edlia, el meu treball, Barcelona i Catalunya.","sameAs":["https:\/\/ignasisayol.com","https:\/\/www.facebook.com\/ignasi.sayol","https:\/\/www.instagram.com\/ignasi.sayol\/","https:\/\/twitter.com\/http:\/\/twitter.com\/isayolsanta"],"url":"https:\/\/ignasisayol.com\/es\/author\/admin\/"}]}},"_links":{"self":[{"href":"https:\/\/ignasisayol.com\/es\/wp-json\/wp\/v2\/posts\/1199"}],"collection":[{"href":"https:\/\/ignasisayol.com\/es\/wp-json\/wp\/v2\/posts"}],"about":[{"href":"https:\/\/ignasisayol.com\/es\/wp-json\/wp\/v2\/types\/post"}],"author":[{"embeddable":true,"href":"https:\/\/ignasisayol.com\/es\/wp-json\/wp\/v2\/users\/1"}],"replies":[{"embeddable":true,"href":"https:\/\/ignasisayol.com\/es\/wp-json\/wp\/v2\/comments?post=1199"}],"version-history":[{"count":3,"href":"https:\/\/ignasisayol.com\/es\/wp-json\/wp\/v2\/posts\/1199\/revisions"}],"predecessor-version":[{"id":3036,"href":"https:\/\/ignasisayol.com\/es\/wp-json\/wp\/v2\/posts\/1199\/revisions\/3036"}],"wp:featuredmedia":[{"embeddable":true,"href":"https:\/\/ignasisayol.com\/es\/wp-json\/wp\/v2\/media\/1999"}],"wp:attachment":[{"href":"https:\/\/ignasisayol.com\/es\/wp-json\/wp\/v2\/media?parent=1199"}],"wp:term":[{"taxonomy":"category","embeddable":true,"href":"https:\/\/ignasisayol.com\/es\/wp-json\/wp\/v2\/categories?post=1199"},{"taxonomy":"post_tag","embeddable":true,"href":"https:\/\/ignasisayol.com\/es\/wp-json\/wp\/v2\/tags?post=1199"}],"curies":[{"name":"wp","href":"https:\/\/api.w.org\/{rel}","templated":true}]}}