{"id":1617,"date":"2018-06-29T14:39:17","date_gmt":"2018-06-29T14:39:17","guid":{"rendered":"http:\/\/ignasisayol.com\/?p=1617"},"modified":"2018-09-17T09:10:16","modified_gmt":"2018-09-17T09:10:16","slug":"ecoinnovacion-logistica-sera-sostenible-la-nueva-logistica-4-0","status":"publish","type":"post","link":"https:\/\/ignasisayol.com\/es\/ecoinnovacion-logistica-sera-sostenible-la-nueva-logistica-4-0\/","title":{"rendered":"Eco-innovaci\u00f3n log\u00edstica: \u00bfla nueva log\u00edstica 4.0 ser\u00e1 o no ser\u00e1 sostenible?"},"content":{"rendered":"<p>La log\u00edstica es cada vez m\u00e1s importante para la econom\u00eda. Concretando esta afirmaci\u00f3n, podemos decir que la log\u00edstica, en un pa\u00eds desarrollado industrial, supone el torno al 12% del PIB. Teniendo en cuenta que log\u00edstica tiene un amplio sentido, hablamos de cadena de suministro, y en este \u00e1mbito encontramos no s\u00f3lo empresas de transporte y operadores log\u00edsticos, sino empresas de almacenamiento, manipulaciones, de hardware y software especializadas en el sector, consultor\u00edas, etc. Unas cifras que no sorprenden si tenemos en cuenta cuanto la importancia creciente que tiene la log\u00edstica, tanto en los procesos industriales como la distribuci\u00f3n del producto, debido al aumento imparable del comercio electr\u00f3nico.<\/p>\n<p><img fetchpriority=\"high\" class=\"aligncenter size-full wp-image-1618\" src=\"https:\/\/ignasisayol.com\/wp-content\/uploads\/2018\/06\/logistica-sostenible.png\" alt=\"\" width=\"600\" height=\"300\" srcset=\"https:\/\/ignasisayol.com\/wp-content\/uploads\/2018\/06\/logistica-sostenible.png 600w, https:\/\/ignasisayol.com\/wp-content\/uploads\/2018\/06\/logistica-sostenible-300x150.png 300w, https:\/\/ignasisayol.com\/wp-content\/uploads\/2018\/06\/logistica-sostenible-450x225.png 450w\" sizes=\"(max-width: 600px) 100vw, 600px\" \/><\/p>\n<p>En este contexto es imprescindible aumentar la eficiencia log\u00edstica si queremos un pa\u00eds viable y de futuro. Por el peso que ya tiene en la econom\u00eda y por la importancia que tiene en hacer viable la producci\u00f3n industrial.<\/p>\n<p>Hay que decir, sin embargo, que el aumento de la eficiencia no podemos hacerlo de cualquier forma, tenemos un doble reto: aumentar la eficiencia y a la vez preservar el medio ambiente, no tenemos otra opci\u00f3n. Seguramente podemos tener plan B para muchas cosas, pero no hay plan B para el planeta, hay que parar el cambio clim\u00e1tico como sea.<\/p>\n<p>El Tratado de Par\u00eds de diciembre de 2015 que comenzar\u00e1 a aplicarse de manera seria en 2020, con objetivos ya medibles en 2021, obliga a unas reducciones muy importantes de las emisiones de gases de efecto invernadero. El objetivo es que en 2050 la reducci\u00f3n haya sido dr\u00e1stica y casi total en sectores como el del transporte de personas y mercanc\u00edas.<\/p>\n<h2>\u00bfHacia d\u00f3nde avanza el sector log\u00edstico?<\/h2>\n<p>A pesar de tener unos objetivos muy importantes de reducciones de gases de efecto invernadero, la tendencia del sector es claramente creciente por varios motivos, pero los principales son:<\/p>\n<h3><strong>Motivos<\/strong><\/h3>\n<ul>\n<li>Un importante crecimiento potenciado por los procesos de deslocalizaci\u00f3n de la econom\u00eda productiva.<\/li>\n<li>La internacionalizaci\u00f3n de las relaciones comerciales.<\/li>\n<li>Y el desarrollo del comercio electr\u00f3nico.<\/li>\n<\/ul>\n<h3><strong>Consecuencias<\/strong><\/h3>\n<p>Hemos de tener muy presente que este notable crecimiento trae consigo unas consecuencias entre las que destacan:<\/p>\n<h4><strong>M\u00e1s emisiones y contaminaci\u00f3n<\/strong><\/h4>\n<p>Un volumen muy alto de las emisiones globales de efecto invernadero se deben a la actividad log\u00edstica.<\/p>\n<h4><strong>M\u00e1s infraestructuras<\/strong><\/h4>\n<p>Las infraestructuras que exige el desarrollo, tambi\u00e9n provocan un gran impacto medioambiental.<\/p>\n<h4><strong>M\u00e1s residuos<\/strong><\/h4>\n<p>Cada vez utilizamos m\u00e1s envases y embalajes, realizamos una gesti\u00f3n ineficaz e insostenible de los mismos.<\/p>\n<h3><strong>Principales retos del sector log\u00edstico <\/strong><\/h3>\n<p>Como hemos visto, los retos del sector son enormes, hay que actuar en muchos frentes si queremos conseguirlos. Seguidamente detallaremos algunas de las estrategias que se han puesto en marcha.<\/p>\n<h4><strong>Veh\u00edculos m\u00e1s eficientes <\/strong><\/h4>\n<p>En este momento se torna fundamental la apuesta por veh\u00edculos que permitan mantener una operaci\u00f3n eficaz reduciendo paralelamente su impacto ambiental, como veh\u00edculos h\u00edbridos, el\u00e9ctricos, de gas natural, etc.<\/p>\n<h4><strong>El cumplimiento de la Ley CAFE<\/strong><\/h4>\n<p><img class=\"aligncenter size-full wp-image-1622\" src=\"https:\/\/ignasisayol.com\/wp-content\/uploads\/2018\/06\/ecoinnovaci&oacute;n-logistica.png\" alt=\"\" width=\"495\" height=\"344\" \/><\/p>\n<p>Se trata de una ley vigente en Estados Unidos, Europa, China y otros pa\u00edses que obliga a que las emisiones medias de las gamas nuevas de coches de una marca cada vez reduzcan su efecto contaminante, siguiendo los objetivos de reducci\u00f3n que se ven en la gr\u00e1fica.<\/p>\n<p>C\u00f3mo lograrlo:<\/p>\n<ol>\n<li>Reduciendo el volumen exterior de los veh\u00edculos, pero manteniendo el volumen interior para los ocupantes.<\/li>\n<li>Mejorando la aerodin\u00e1mica, hay que decir que reducciones de \u00e1rea proyectada de unos 5 dm cuadrados tienen un impacto en reducciones de 2 gramos de CO2.<\/li>\n<li>Optimizando el mix de mercado de la marca. Como el valor se mide sobre la media de toda la marca, cuantos m\u00e1s veh\u00edculos peque\u00f1os, h\u00edbridos o el\u00e9ctricos con menores emisiones tenga m\u00e1s se puede compensar los de mayores emisiones.<\/li>\n<li>\u00a0Mejorando la emisi\u00f3n de los motores. Empleando sistemas h\u00edbridos que complementan el motor tradicional de gasolina o di\u00e9sel con sistemas de propulsi\u00f3n el\u00e9ctrica. Utilizando veh\u00edculos 100% el\u00e9ctricos.<\/li>\n<li>Minimizando la resistencia de rodadura.<\/li>\n<li>Reduciendo el peso del veh\u00edculo (cuanto menos peso tenga el veh\u00edculo, mejor, ya que se pueden usar motores m\u00e1s peque\u00f1os con menores emisiones).<\/li>\n<li>Utilizando materiales m\u00e1s ligeros en la fabricaci\u00f3n de veh\u00edculos:<br \/>\nAluminios como sustituci\u00f3n de aceros. Materiales composites (alternativa que se estima con mayor posibilidad de reducci\u00f3n de peso, pero actualmente con mayores costes directos).<\/li>\n<\/ol>\n<h4><strong>Impresi\u00f3n aditiva 3D<\/strong><\/h4>\n<p>La impresi\u00f3n aditiva 3D bajo demanda permite personalizaci\u00f3n e inmediatez, caracter\u00edsticas b\u00e1sicas de la nueva industria 4.0. A medida que la tecnolog\u00eda de impresi\u00f3n 3D consigue reducir el coste unitario y aumentar la velocidad de impresi\u00f3n hace que m\u00e1s y m\u00e1s cosas se produzcan as\u00ed, no s\u00f3lo los prototipos.<\/p>\n<p>Este tipo de producci\u00f3n cambiar\u00e1 dr\u00e1sticamente las necesidades log\u00edsticas, har\u00e1 que los operadores log\u00edsticos se conviertan tambi\u00e9n en industriales, produciendo productos en sus instalaciones cercanas a los consumidores. Este fen\u00f3meno reducir\u00e1 la longitud de las cadenas log\u00edsticas, reduciendo tambi\u00e9n sus efectos contaminantes.<\/p>\n<h4><strong>Operaci\u00f3n log\u00edstica inteligente<\/strong><\/h4>\n<p>Mejoras en eficiencia y eficacia de las operaciones<\/p>\n<ul>\n<li>Modularizaci\u00f3n de los sistemas de packaging<\/li>\n<li>Decisiones en tiempo real: Sincromodalidad. Slow steaming<\/li>\n<li>Camiones sin conductor<\/li>\n<li>Bolsas de agregaci\u00f3n de demanda en l\u00ednea<\/li>\n<li>Derivar parte de la actividad a horas con menor intensidad de tr\u00e1fico<\/li>\n<\/ul>\n<h4><strong>Infraestructuras sostenibles<\/strong><\/h4>\n<p>Que permitan mejorar y aumentar la competitividad, por ejemplo:<\/p>\n<ul>\n<li>Carreteras sostenibles capaces de autoabastecerse y ser rentables.<\/li>\n<li>Almacenes m\u00e1s sostenibles (residuos, energ\u00eda, etc.)<\/li>\n<li>Intervenci\u00f3n sobre las pol\u00edticas territoriales (regulaciones de la \u00faltima milla, accesos a ciudades, agregaci\u00f3n demanda (plataformas urbanas y\/o regionales), etc.).<\/li>\n<li>Garantizar la multimodalidad es clave (aumentar tasa utilizaci\u00f3n).<\/li>\n<li>Green freight corredores (EU initiative)<\/li>\n<\/ul>\n<h4><strong>El rol de la log\u00edstica en la econom\u00eda circular <\/strong><\/h4>\n<p>En este sentido cabe destacar el papel imprescindible que debe tener la log\u00edstica en los modelos de econom\u00eda circular, en concreto:<\/p>\n<ol>\n<li>La log\u00edstica inversa.<\/li>\n<li>El rol del sector log\u00edstico de \u201cgestor de recursos\/residuos\u201d.<\/li>\n<li>El dise\u00f1o ecol\u00f3gico y respetuoso de envases y embalajes.<\/li>\n<li>Modelos que permitan la reutilizaci\u00f3n del packaging<\/li>\n<\/ol>\n<p>Para ello, la colaboraci\u00f3n es clave.<\/p>\n<h4><strong>Nuevos modelos de negocio <\/strong><\/h4>\n<p>Adem\u00e1s, est\u00e1n apareciendo nuevos modelos de negocio a tener muy en cuenta en la estrategia planteada. Un buen ejemplo de ello es:<\/p>\n<ul>\n<li>El consumo colaborativo, las nuevas generaciones buscan cada vez m\u00e1s la experiencia y no la posesi\u00f3n de productos.<\/li>\n<li>La log\u00edstica distribuida, el llamado physical Internet. Este concepto cambiar\u00e1 dr\u00e1sticamente la forma como hacemos las cosas.<\/li>\n<li>El comercio electr\u00f3nico, necesita inmediatez, ya estamos viendo alternativas eficientes para la \u00faltima milla como son:\n<ul>\n<li>La utilizaci\u00f3n de taquillas inteligentes.<\/li>\n<li>Los puntos de conveniencia.<\/li>\n<li>La optimizaci\u00f3n de rutas.<\/li>\n<li>drones (una vez se superen las barreras legislativas)<\/li>\n<li>El reparto colaborativo<\/li>\n<li>Las micro-plataformas<\/li>\n<\/ul>\n<\/li>\n<\/ul>\n<p>Si la pregunta es si ser\u00e1 sostenible la log\u00edstica 4.0, la respuesta es que no hay otra opci\u00f3n, debe serlo. Para lograrlo, el reto es enorme y exige a las organizaciones innovaci\u00f3n, flexibilidad y adaptabilidad. Si hacemos frente a los cambios sin miedos, pero con responsabilidad y apostando por la innovaci\u00f3n y la transparencia, no tengo duda de que lo conseguiremos.<\/p>\n<p>&nbsp;<\/p>\n","protected":false},"excerpt":{"rendered":"<p>La log\u00edstica es cada vez m\u00e1s importante para la econom\u00eda. Concretando esta afirmaci\u00f3n, podemos&hellip;<\/p>\n","protected":false},"author":1,"featured_media":1618,"comment_status":"open","ping_status":"closed","sticky":false,"template":"","format":"standard","meta":[],"categories":[4],"tags":[],"yoast_head":"<!-- This site is optimized with the Yoast SEO plugin v20.2.1 - https:\/\/yoast.com\/wordpress\/plugins\/seo\/ -->\n<title>Eco-innovaci\u00f3n log\u00edstica: \u00bfla nueva log\u00edstica 4.0 ser\u00e1 o no ser\u00e1 sostenible? - Ignasi Sayol<\/title>\n<meta name=\"robots\" content=\"index, follow, max-snippet:-1, max-image-preview:large, max-video-preview:-1\" \/>\n<link rel=\"canonical\" href=\"https:\/\/ignasisayol.com\/es\/ecoinnovacion-logistica-sera-sostenible-la-nueva-logistica-4-0\/\" \/>\n<meta property=\"og:locale\" content=\"es_ES\" \/>\n<meta property=\"og:type\" content=\"article\" \/>\n<meta property=\"og:title\" content=\"Eco-innovaci\u00f3n log\u00edstica: \u00bfla nueva log\u00edstica 4.0 ser\u00e1 o no ser\u00e1 sostenible? - Ignasi Sayol\" \/>\n<meta property=\"og:description\" content=\"La log\u00edstica es cada vez m\u00e1s importante para la econom\u00eda. Concretando esta afirmaci\u00f3n, podemos&hellip;\" \/>\n<meta property=\"og:url\" content=\"https:\/\/ignasisayol.com\/es\/ecoinnovacion-logistica-sera-sostenible-la-nueva-logistica-4-0\/\" \/>\n<meta property=\"og:site_name\" content=\"Ignasi Sayol\" \/>\n<meta property=\"article:author\" content=\"https:\/\/www.facebook.com\/ignasi.sayol\" \/>\n<meta property=\"article:published_time\" content=\"2018-06-29T14:39:17+00:00\" \/>\n<meta property=\"article:modified_time\" content=\"2018-09-17T09:10:16+00:00\" \/>\n<meta property=\"og:image\" content=\"https:\/\/ignasisayol.com\/wp-content\/uploads\/2018\/06\/logistica-sostenible.png\" \/>\n\t<meta property=\"og:image:width\" content=\"600\" \/>\n\t<meta property=\"og:image:height\" content=\"300\" \/>\n\t<meta property=\"og:image:type\" content=\"image\/png\" \/>\n<meta name=\"author\" content=\"Ignasi Sayol\" \/>\n<meta name=\"twitter:card\" content=\"summary_large_image\" \/>\n<meta name=\"twitter:creator\" content=\"@http:\/\/twitter.com\/isayolsanta\" \/>\n<meta name=\"twitter:label1\" content=\"Escrito por\" \/>\n\t<meta name=\"twitter:data1\" content=\"Ignasi Sayol\" \/>\n\t<meta name=\"twitter:label2\" content=\"Tiempo de lectura\" \/>\n\t<meta name=\"twitter:data2\" content=\"6 minutos\" \/>\n<script type=\"application\/ld+json\" class=\"yoast-schema-graph\">{\"@context\":\"https:\/\/schema.org\",\"@graph\":[{\"@type\":\"WebPage\",\"@id\":\"https:\/\/ignasisayol.com\/es\/ecoinnovacion-logistica-sera-sostenible-la-nueva-logistica-4-0\/\",\"url\":\"https:\/\/ignasisayol.com\/es\/ecoinnovacion-logistica-sera-sostenible-la-nueva-logistica-4-0\/\",\"name\":\"Eco-innovaci\u00f3n log\u00edstica: \u00bfla nueva log\u00edstica 4.0 ser\u00e1 o no ser\u00e1 sostenible? - Ignasi Sayol\",\"isPartOf\":{\"@id\":\"https:\/\/ignasisayol.com\/#website\"},\"datePublished\":\"2018-06-29T14:39:17+00:00\",\"dateModified\":\"2018-09-17T09:10:16+00:00\",\"author\":{\"@id\":\"https:\/\/ignasisayol.com\/#\/schema\/person\/d748465f3d81d611e893b0467232287b\"},\"breadcrumb\":{\"@id\":\"https:\/\/ignasisayol.com\/es\/ecoinnovacion-logistica-sera-sostenible-la-nueva-logistica-4-0\/#breadcrumb\"},\"inLanguage\":\"es\",\"potentialAction\":[{\"@type\":\"ReadAction\",\"target\":[\"https:\/\/ignasisayol.com\/es\/ecoinnovacion-logistica-sera-sostenible-la-nueva-logistica-4-0\/\"]}]},{\"@type\":\"BreadcrumbList\",\"@id\":\"https:\/\/ignasisayol.com\/es\/ecoinnovacion-logistica-sera-sostenible-la-nueva-logistica-4-0\/#breadcrumb\",\"itemListElement\":[{\"@type\":\"ListItem\",\"position\":1,\"name\":\"Inici\",\"item\":\"https:\/\/ignasisayol.com\/\"},{\"@type\":\"ListItem\",\"position\":2,\"name\":\"Eco-innovaci\u00f3n log\u00edstica: \u00bfla nueva log\u00edstica 4.0 ser\u00e1 o no ser\u00e1 sostenible?\"}]},{\"@type\":\"WebSite\",\"@id\":\"https:\/\/ignasisayol.com\/#website\",\"url\":\"https:\/\/ignasisayol.com\/\",\"name\":\"Ignasi Sayol\",\"description\":\"\",\"alternateName\":\"Ignasi Sayol\",\"potentialAction\":[{\"@type\":\"SearchAction\",\"target\":{\"@type\":\"EntryPoint\",\"urlTemplate\":\"https:\/\/ignasisayol.com\/?s={search_term_string}\"},\"query-input\":\"required name=search_term_string\"}],\"inLanguage\":\"es\"},{\"@type\":\"Person\",\"@id\":\"https:\/\/ignasisayol.com\/#\/schema\/person\/d748465f3d81d611e893b0467232287b\",\"name\":\"Ignasi Sayol\",\"image\":{\"@type\":\"ImageObject\",\"inLanguage\":\"es\",\"@id\":\"https:\/\/ignasisayol.com\/#\/schema\/person\/image\/\",\"url\":\"https:\/\/ignasisayol.com\/wp-content\/uploads\/2018\/08\/isayolsanta-300x300.jpeg\",\"contentUrl\":\"https:\/\/ignasisayol.com\/wp-content\/uploads\/2018\/08\/isayolsanta-300x300.jpeg\",\"caption\":\"Ignasi Sayol\"},\"description\":\"Engineer &amp; MBA. Entrepreneur. President @logisticCluster &amp; @PIMEC Logistics. Comprom\u00e8s amb la meva fam\u00edlia, el meu treball, Barcelona i Catalunya.\",\"sameAs\":[\"https:\/\/ignasisayol.com\",\"https:\/\/www.facebook.com\/ignasi.sayol\",\"https:\/\/www.instagram.com\/ignasi.sayol\/\",\"https:\/\/twitter.com\/http:\/\/twitter.com\/isayolsanta\"],\"url\":\"https:\/\/ignasisayol.com\/es\/author\/admin\/\"}]}<\/script>\n<!-- \/ Yoast SEO plugin. -->","yoast_head_json":{"title":"Eco-innovaci\u00f3n log\u00edstica: \u00bfla nueva log\u00edstica 4.0 ser\u00e1 o no ser\u00e1 sostenible? - Ignasi Sayol","robots":{"index":"index","follow":"follow","max-snippet":"max-snippet:-1","max-image-preview":"max-image-preview:large","max-video-preview":"max-video-preview:-1"},"canonical":"https:\/\/ignasisayol.com\/es\/ecoinnovacion-logistica-sera-sostenible-la-nueva-logistica-4-0\/","og_locale":"es_ES","og_type":"article","og_title":"Eco-innovaci\u00f3n log\u00edstica: \u00bfla nueva log\u00edstica 4.0 ser\u00e1 o no ser\u00e1 sostenible? - Ignasi Sayol","og_description":"La log\u00edstica es cada vez m\u00e1s importante para la econom\u00eda. Concretando esta afirmaci\u00f3n, podemos&hellip;","og_url":"https:\/\/ignasisayol.com\/es\/ecoinnovacion-logistica-sera-sostenible-la-nueva-logistica-4-0\/","og_site_name":"Ignasi Sayol","article_author":"https:\/\/www.facebook.com\/ignasi.sayol","article_published_time":"2018-06-29T14:39:17+00:00","article_modified_time":"2018-09-17T09:10:16+00:00","og_image":[{"width":600,"height":300,"url":"https:\/\/ignasisayol.com\/wp-content\/uploads\/2018\/06\/logistica-sostenible.png","type":"image\/png"}],"author":"Ignasi Sayol","twitter_card":"summary_large_image","twitter_creator":"@http:\/\/twitter.com\/isayolsanta","twitter_misc":{"Escrito por":"Ignasi Sayol","Tiempo de lectura":"6 minutos"},"schema":{"@context":"https:\/\/schema.org","@graph":[{"@type":"WebPage","@id":"https:\/\/ignasisayol.com\/es\/ecoinnovacion-logistica-sera-sostenible-la-nueva-logistica-4-0\/","url":"https:\/\/ignasisayol.com\/es\/ecoinnovacion-logistica-sera-sostenible-la-nueva-logistica-4-0\/","name":"Eco-innovaci\u00f3n log\u00edstica: \u00bfla nueva log\u00edstica 4.0 ser\u00e1 o no ser\u00e1 sostenible? - Ignasi Sayol","isPartOf":{"@id":"https:\/\/ignasisayol.com\/#website"},"datePublished":"2018-06-29T14:39:17+00:00","dateModified":"2018-09-17T09:10:16+00:00","author":{"@id":"https:\/\/ignasisayol.com\/#\/schema\/person\/d748465f3d81d611e893b0467232287b"},"breadcrumb":{"@id":"https:\/\/ignasisayol.com\/es\/ecoinnovacion-logistica-sera-sostenible-la-nueva-logistica-4-0\/#breadcrumb"},"inLanguage":"es","potentialAction":[{"@type":"ReadAction","target":["https:\/\/ignasisayol.com\/es\/ecoinnovacion-logistica-sera-sostenible-la-nueva-logistica-4-0\/"]}]},{"@type":"BreadcrumbList","@id":"https:\/\/ignasisayol.com\/es\/ecoinnovacion-logistica-sera-sostenible-la-nueva-logistica-4-0\/#breadcrumb","itemListElement":[{"@type":"ListItem","position":1,"name":"Inici","item":"https:\/\/ignasisayol.com\/"},{"@type":"ListItem","position":2,"name":"Eco-innovaci\u00f3n log\u00edstica: \u00bfla nueva log\u00edstica 4.0 ser\u00e1 o no ser\u00e1 sostenible?"}]},{"@type":"WebSite","@id":"https:\/\/ignasisayol.com\/#website","url":"https:\/\/ignasisayol.com\/","name":"Ignasi Sayol","description":"","alternateName":"Ignasi Sayol","potentialAction":[{"@type":"SearchAction","target":{"@type":"EntryPoint","urlTemplate":"https:\/\/ignasisayol.com\/?s={search_term_string}"},"query-input":"required name=search_term_string"}],"inLanguage":"es"},{"@type":"Person","@id":"https:\/\/ignasisayol.com\/#\/schema\/person\/d748465f3d81d611e893b0467232287b","name":"Ignasi Sayol","image":{"@type":"ImageObject","inLanguage":"es","@id":"https:\/\/ignasisayol.com\/#\/schema\/person\/image\/","url":"https:\/\/ignasisayol.com\/wp-content\/uploads\/2018\/08\/isayolsanta-300x300.jpeg","contentUrl":"https:\/\/ignasisayol.com\/wp-content\/uploads\/2018\/08\/isayolsanta-300x300.jpeg","caption":"Ignasi Sayol"},"description":"Engineer &amp; MBA. Entrepreneur. President @logisticCluster &amp; @PIMEC Logistics. Comprom\u00e8s amb la meva fam\u00edlia, el meu treball, Barcelona i Catalunya.","sameAs":["https:\/\/ignasisayol.com","https:\/\/www.facebook.com\/ignasi.sayol","https:\/\/www.instagram.com\/ignasi.sayol\/","https:\/\/twitter.com\/http:\/\/twitter.com\/isayolsanta"],"url":"https:\/\/ignasisayol.com\/es\/author\/admin\/"}]}},"_links":{"self":[{"href":"https:\/\/ignasisayol.com\/es\/wp-json\/wp\/v2\/posts\/1617"}],"collection":[{"href":"https:\/\/ignasisayol.com\/es\/wp-json\/wp\/v2\/posts"}],"about":[{"href":"https:\/\/ignasisayol.com\/es\/wp-json\/wp\/v2\/types\/post"}],"author":[{"embeddable":true,"href":"https:\/\/ignasisayol.com\/es\/wp-json\/wp\/v2\/users\/1"}],"replies":[{"embeddable":true,"href":"https:\/\/ignasisayol.com\/es\/wp-json\/wp\/v2\/comments?post=1617"}],"version-history":[{"count":9,"href":"https:\/\/ignasisayol.com\/es\/wp-json\/wp\/v2\/posts\/1617\/revisions"}],"predecessor-version":[{"id":3206,"href":"https:\/\/ignasisayol.com\/es\/wp-json\/wp\/v2\/posts\/1617\/revisions\/3206"}],"wp:featuredmedia":[{"embeddable":true,"href":"https:\/\/ignasisayol.com\/es\/wp-json\/wp\/v2\/media\/1618"}],"wp:attachment":[{"href":"https:\/\/ignasisayol.com\/es\/wp-json\/wp\/v2\/media?parent=1617"}],"wp:term":[{"taxonomy":"category","embeddable":true,"href":"https:\/\/ignasisayol.com\/es\/wp-json\/wp\/v2\/categories?post=1617"},{"taxonomy":"post_tag","embeddable":true,"href":"https:\/\/ignasisayol.com\/es\/wp-json\/wp\/v2\/tags?post=1617"}],"curies":[{"name":"wp","href":"https:\/\/api.w.org\/{rel}","templated":true}]}}