{"id":3267,"date":"2018-11-26T14:04:25","date_gmt":"2018-11-26T14:04:25","guid":{"rendered":"https:\/\/ignasisayol.com\/?p=3267"},"modified":"2018-11-26T14:04:25","modified_gmt":"2018-11-26T14:04:25","slug":"la-inteligencia-urbana-y-el-futuro-de-las-ciudades","status":"publish","type":"post","link":"https:\/\/ignasisayol.com\/es\/la-inteligencia-urbana-y-el-futuro-de-las-ciudades\/","title":{"rendered":"La inteligencia urbana y el futuro de las ciudades."},"content":{"rendered":"<p>La innovaci\u00f3n es el motor principal para el desarrollo global de todos los sectores. La tecnolog\u00eda se desarrolla a gran velocidad, creando nuevas soluciones para las necesidades humanas y de empresa.<\/p>\n<p><img fetchpriority=\"high\" class=\"aligncenter size-full wp-image-3265\" src=\"https:\/\/ignasisayol.com\/wp-content\/uploads\/2018\/11\/La-intel\u00b7lig\u00e8ncia-urbana-i-el-futur-de-les-ciutats.jpg\" alt=\"La intel\u00b7lig\u00e8ncia urbana i el futur de les ciutats\" width=\"1222\" height=\"598\" srcset=\"https:\/\/ignasisayol.com\/wp-content\/uploads\/2018\/11\/La-intel\u00b7lig\u00e8ncia-urbana-i-el-futur-de-les-ciutats.jpg 1222w, https:\/\/ignasisayol.com\/wp-content\/uploads\/2018\/11\/La-intel\u00b7lig\u00e8ncia-urbana-i-el-futur-de-les-ciutats-300x147.jpg 300w, https:\/\/ignasisayol.com\/wp-content\/uploads\/2018\/11\/La-intel\u00b7lig\u00e8ncia-urbana-i-el-futur-de-les-ciutats-768x376.jpg 768w, https:\/\/ignasisayol.com\/wp-content\/uploads\/2018\/11\/La-intel\u00b7lig\u00e8ncia-urbana-i-el-futur-de-les-ciutats-1030x504.jpg 1030w, https:\/\/ignasisayol.com\/wp-content\/uploads\/2018\/11\/La-intel\u00b7lig\u00e8ncia-urbana-i-el-futur-de-les-ciutats-1170x573.jpg 1170w, https:\/\/ignasisayol.com\/wp-content\/uploads\/2018\/11\/La-intel\u00b7lig\u00e8ncia-urbana-i-el-futur-de-les-ciutats-585x286.jpg 585w\" sizes=\"(max-width: 1222px) 100vw, 1222px\" \/><\/p>\n<p>Vivimos en una era global donde cada ciudad que busque ser relevante, entra en competencia \u00a0para dejar huella en el mapa de la innovaci\u00f3n y atraer consigo inversiones, talento, reconocimiento y beneficio para los ciudadanos.<\/p>\n<p>Por esto, no es casualidad que exista el inter\u00e9s en invertir y apoyar nuevas iniciativas que busquen dise\u00f1ar un futuro mejor para las ciudades y las personas que las habitan. Buscando crear modelos disruptivos que pueden convertirse en agentes de cambio con la posibilidad de transformar la forma de hacer y ver las diferentes din\u00e1micas y procesos que cre\u00edmos inamovibles.<\/p>\n<blockquote><p><em style=\"font-size: 14px; color: #313131;\">\u00bfEst\u00e1n listas las ciudades para la innovaci\u00f3n? No todas, pero hay razones de peso para hacerlo.<\/em><\/p><\/blockquote>\n<p>Las ciudades, en su b\u00fasqueda por adaptarse a los tiempos y generar relevancia, han abierto la puerta a la innovaci\u00f3n en su inter\u00e9s por resolver necesidades urbanas y comenzar el camino hacia su futuro. A su vez, la gran capacidad de inversi\u00f3n de empresas tecnol\u00f3gicas y del ecosistema startup hace que tambi\u00e9n tornen su mirada a buscar participar en esta misi\u00f3n.<\/p>\n<p>Al converger ambos intereses, las startups y empresas tecnol\u00f3gicas como Google, Tesla, Amazon, Nasa, etc., as\u00ed como organizaciones sin \u00e1nimo de lucro, ha comenzado a tomar las ciudades como centros de innovaci\u00f3n experimentales para el desarrollo urbano y social. Invirtiendo sus esfuerzos de innovaci\u00f3n en la cocreaci\u00f3n de alternativas y el testeo de iniciativas directamente con los ciudadanos.<\/p>\n<h3><strong>Los Urban Living Labs, laboratorios urbanos al servicio de nuevos desarrollos.<\/strong><\/h3>\n<p>Los Urban Living Labs son un fen\u00f3meno muy popular para el desarrollo de innovaci\u00f3n urbana. Experimentar nuevos proyectos de innovaci\u00f3n y madurarlos por medio de la participaci\u00f3n real de los ciudadanos, genera un inter\u00e9s especial en las ciudades preocupadas por la integraci\u00f3n y la correcta soluci\u00f3n de los problemas y necesidades cotidianas de los implicados. Tambi\u00e9n, no es de ignorar, el beneficio de atraer inversi\u00f3n privada para el mejoramiento de las ciudades, que muchas veces no podr\u00eda cubrir el estado.<\/p>\n<p>Los Urban Living Labs son un foro de innovaci\u00f3n colaborativa, para el desarrollo de nuevos productos, sistemas, servicios para el \u00e1rea urbana. Se emplean m\u00e9todos cocreativos para la integraci\u00f3n del ciudadano durante el proceso de desarrollo. Se dirigen a estimular la exploraci\u00f3n, cuestionamiento, experimentaci\u00f3n, prototipaje y testeo de nuevas ideas y escenarios para generar soluciones creativas ante contextos complejos y a la vez cotidianos.<\/p>\n<p>Este tipo de laboratorios, pueden identificar maneras disruptivas de afrontar retos asociados con las caracter\u00edsticas espec\u00edficas de la poblaci\u00f3n. A su vez, generan un antecedente que puede ser aplicado en otras ciudades, barrios o espacios con caracter\u00edsticas similares. Los beneficios locales son una prioridad, sin embargo, a un nivel global son vitales para generar un mecanismo de aprendizaje global para la aplicaci\u00f3n en contextos urbanos similares. Creando un motor potencial continuo para el desarrollo de las ciudades alrededor del mundo.<\/p>\n<h3><strong>Alphabet de Google, redise\u00f1ando el funcionamiento de la ciudad.<\/strong><\/h3>\n<p>Son ya varias las ciudades que han abierto sus puertas a los procesos de innovaci\u00f3n participativos, es el caso del barrio Quayside en Toronto; donde Alphabet mediante sus Sidewalk Labs desarrolla proyectos para el redise\u00f1ar el barrio, experimentando con nuevos sistemas y t\u00e9cnicas inteligentes. Generaron una plataforma de innovaci\u00f3n urbana que permite, testear c\u00f3mo funcionan ciertas iniciativas en el mundo real y con personas reales. Las propuestas van desde edificios modulares, sistemas de recogida de basura rob\u00f3ticos subterr\u00e1neos, materiales inteligentes para conseguir derretir la nieve en el pavimento, entre otros.<\/p>\n<p><a href=\"https:\/\/www.sidewalklabs.com\/\">https:\/\/www.sidewalklabs.com\/<\/a><\/p>\n<p><iframe src=\"https:\/\/www.youtube.com\/embed\/FBs6GKZDrnk\" width=\"560\" height=\"315\" frameborder=\"0\" allowfullscreen=\"allowfullscreen\" data-mce-fragment=\"1\"><\/iframe><\/p>\n<h3><strong>Barcelona, ciutat innovadora<\/strong><\/h3>\n<p>La llarga historia de Barcelona demostra que ha estat sempre una ciutat innovadora, liderant la revoluci\u00f3 industrial en l\u2019Europa del sud, sent bressol del naixement de moviments obrers que van permetre comen\u00e7ar a dignificar la vida de la classe treballadora, bressol de Gaud\u00ed i del modernisme, en fi, posseeix un passat que valida el seu present i el seu futur.<\/p>\n<p>Les dades de l\u2019\u00faltim any ho deixen clar, 30.000 professionals que treballen directament en l\u2019ecosistema tecnol\u00f2gic de la ciutat, 10.000 estudiants graduats en enginyeria, arquitectura, matem\u00e0tiques i f\u00edsica l\u2019any 2016, 1,2B\u20ac d\u2019inversi\u00f3 mobilitzada en els \u00faltims 12 mesos, cinquena ciutat europea en n\u00famero de start-ups, la quarta en volum d\u2019inversi\u00f3 i la tercera ciutat escollida pels emprenedors per iniciar la seg\u00fcent start-up. Tot aix\u00f2, sent la \u00fanica de les ciutats importants que no \u00e9s capital d\u2019un estat.<\/p>\n<p>A m\u00e9s d\u2019iniciatives de refer\u00e8ncia a nivell mundial com el Barcelona Tech City amb el seu Pier01 i en fase de desenvolupament d\u2019un nou centrat en blockchain, tamb\u00e9 podem trobar exemples d\u2019Urban Living Labs, el BIT Habitat.<\/p>\n<p><a href=\"https:\/\/barcelonatechcity.com\/\">https:\/\/barcelonatechcity.com\/<\/a><\/p>\n<p><strong>\u00a0<\/strong><\/p>\n<h3><strong>BIT Habitat, innovaci\u00f3 urbana a Barcelona. <\/strong><\/h3>\n<p>A Barcelona, BIT Habitat, \u00e9s una entitat sense \u00e0nim de lucre que promou la innovaci\u00f3 urbana a Barcelona. T\u00e9 com objectiu crear iniciatives per fer-la m\u00e9s sostenible, millorant la vida de les persones a nivell social, econ\u00f2mic, urban\u00edstic i tecnol\u00f2gic.\u00a0 Obre el teixit innovador mitjan\u00e7ant la col\u00b7laboraci\u00f3 entre la ciutadania, aix\u00ed com amb universitats, centres d\u2019investigaci\u00f3, empreses i sector p\u00fablic. Esta ubicada a Ca l&#8217;Alier, buscant convertir-se en un espai de divulgaci\u00f3 de coneixement i un centre d\u2019innovaci\u00f3 urbana unint-se a l\u2019onada tecnol\u00f2gica i emprenedora del barri 22@.<\/p>\n<p>Quin millor lloc que una antiga f\u00e0brica com Ca l\u2019Alier per ubicar un Urban Living Lab, espais que s\u00f3n clau per permetre el desenvolupament de la nova industria del coneixement que marcar\u00e0 el nostre futur.<\/p>\n<p><a href=\"http:\/\/bithabitat.barcelona\/\" target=\"_blank\" rel=\"noopener\">http:\/\/bithabitat.barcelona<\/a><\/p>\n<p>Resumint, els Urban Living Labs, s\u00f3n l\u2019espai de desenvolupament de noves alternatives directament al lloc d\u2019aplicaci\u00f3, les ciutats, i amb la participaci\u00f3 de las persones. Els veurem cr\u00e9ixer cada vegada m\u00e9s a ciutats que busquen innovar pels seus ciutadans. \u00c9s un proc\u00e9s llarg que encara que es trobi en fase latent, est\u00e0 creixent a passos de gegant.<\/p>\n<p>Veurem com la nostra vida quotidiana s\u2019anir\u00e0 transformant, sorgiran nous serveis i els\u00a0 sistemes que coneixem possiblement aniran canviant, adequant-se a les nostres necessitats. Del que estic segur \u00e9s que definitivament \u00e9s una gran \u00e0rea pel desenvolupament tecnol\u00f2gic on les startups dirigiran els seus interessos i les grans empreses tecnol\u00f2giques les seves inversions.<\/p>\n","protected":false},"excerpt":{"rendered":"<p>La innovaci\u00f3n es el motor principal para el desarrollo global de todos los sectores.&hellip;<\/p>\n","protected":false},"author":1,"featured_media":3265,"comment_status":"open","ping_status":"closed","sticky":false,"template":"","format":"standard","meta":[],"categories":[63],"tags":[],"yoast_head":"<!-- This site is optimized with the Yoast SEO plugin v20.2.1 - https:\/\/yoast.com\/wordpress\/plugins\/seo\/ -->\n<title>La inteligencia urbana y el futuro de las ciudades. - Ignasi Sayol<\/title>\n<meta name=\"robots\" content=\"index, follow, max-snippet:-1, max-image-preview:large, max-video-preview:-1\" \/>\n<link rel=\"canonical\" href=\"https:\/\/ignasisayol.com\/es\/la-inteligencia-urbana-y-el-futuro-de-las-ciudades\/\" \/>\n<meta property=\"og:locale\" content=\"es_ES\" \/>\n<meta property=\"og:type\" content=\"article\" \/>\n<meta property=\"og:title\" content=\"La inteligencia urbana y el futuro de las ciudades. - Ignasi Sayol\" \/>\n<meta property=\"og:description\" content=\"La innovaci\u00f3n es el motor principal para el desarrollo global de todos los sectores.&hellip;\" \/>\n<meta property=\"og:url\" content=\"https:\/\/ignasisayol.com\/es\/la-inteligencia-urbana-y-el-futuro-de-las-ciudades\/\" \/>\n<meta property=\"og:site_name\" content=\"Ignasi Sayol\" \/>\n<meta property=\"article:author\" content=\"https:\/\/www.facebook.com\/ignasi.sayol\" \/>\n<meta property=\"article:published_time\" content=\"2018-11-26T14:04:25+00:00\" \/>\n<meta property=\"og:image\" content=\"https:\/\/ignasisayol.com\/wp-content\/uploads\/2018\/11\/La-intel\u00b7lig\u00e8ncia-urbana-i-el-futur-de-les-ciutats.jpg\" \/>\n\t<meta property=\"og:image:width\" content=\"1222\" \/>\n\t<meta property=\"og:image:height\" content=\"598\" \/>\n\t<meta property=\"og:image:type\" content=\"image\/jpeg\" \/>\n<meta name=\"author\" content=\"Ignasi Sayol\" \/>\n<meta name=\"twitter:card\" content=\"summary_large_image\" \/>\n<meta name=\"twitter:creator\" content=\"@http:\/\/twitter.com\/isayolsanta\" \/>\n<meta name=\"twitter:label1\" content=\"Escrito por\" \/>\n\t<meta name=\"twitter:data1\" content=\"Ignasi Sayol\" \/>\n\t<meta name=\"twitter:label2\" content=\"Tiempo de lectura\" \/>\n\t<meta name=\"twitter:data2\" content=\"6 minutos\" \/>\n<script type=\"application\/ld+json\" class=\"yoast-schema-graph\">{\"@context\":\"https:\/\/schema.org\",\"@graph\":[{\"@type\":\"WebPage\",\"@id\":\"https:\/\/ignasisayol.com\/es\/la-inteligencia-urbana-y-el-futuro-de-las-ciudades\/\",\"url\":\"https:\/\/ignasisayol.com\/es\/la-inteligencia-urbana-y-el-futuro-de-las-ciudades\/\",\"name\":\"La inteligencia urbana y el futuro de las ciudades. - Ignasi Sayol\",\"isPartOf\":{\"@id\":\"https:\/\/ignasisayol.com\/#website\"},\"datePublished\":\"2018-11-26T14:04:25+00:00\",\"dateModified\":\"2018-11-26T14:04:25+00:00\",\"author\":{\"@id\":\"https:\/\/ignasisayol.com\/#\/schema\/person\/d748465f3d81d611e893b0467232287b\"},\"breadcrumb\":{\"@id\":\"https:\/\/ignasisayol.com\/es\/la-inteligencia-urbana-y-el-futuro-de-las-ciudades\/#breadcrumb\"},\"inLanguage\":\"es\",\"potentialAction\":[{\"@type\":\"ReadAction\",\"target\":[\"https:\/\/ignasisayol.com\/es\/la-inteligencia-urbana-y-el-futuro-de-las-ciudades\/\"]}]},{\"@type\":\"BreadcrumbList\",\"@id\":\"https:\/\/ignasisayol.com\/es\/la-inteligencia-urbana-y-el-futuro-de-las-ciudades\/#breadcrumb\",\"itemListElement\":[{\"@type\":\"ListItem\",\"position\":1,\"name\":\"Inici\",\"item\":\"https:\/\/ignasisayol.com\/\"},{\"@type\":\"ListItem\",\"position\":2,\"name\":\"La inteligencia urbana y el futuro de las ciudades.\"}]},{\"@type\":\"WebSite\",\"@id\":\"https:\/\/ignasisayol.com\/#website\",\"url\":\"https:\/\/ignasisayol.com\/\",\"name\":\"Ignasi Sayol\",\"description\":\"\",\"alternateName\":\"Ignasi Sayol\",\"potentialAction\":[{\"@type\":\"SearchAction\",\"target\":{\"@type\":\"EntryPoint\",\"urlTemplate\":\"https:\/\/ignasisayol.com\/?s={search_term_string}\"},\"query-input\":\"required name=search_term_string\"}],\"inLanguage\":\"es\"},{\"@type\":\"Person\",\"@id\":\"https:\/\/ignasisayol.com\/#\/schema\/person\/d748465f3d81d611e893b0467232287b\",\"name\":\"Ignasi Sayol\",\"image\":{\"@type\":\"ImageObject\",\"inLanguage\":\"es\",\"@id\":\"https:\/\/ignasisayol.com\/#\/schema\/person\/image\/\",\"url\":\"https:\/\/ignasisayol.com\/wp-content\/uploads\/2018\/08\/isayolsanta-300x300.jpeg\",\"contentUrl\":\"https:\/\/ignasisayol.com\/wp-content\/uploads\/2018\/08\/isayolsanta-300x300.jpeg\",\"caption\":\"Ignasi Sayol\"},\"description\":\"Engineer &amp; MBA. Entrepreneur. President @logisticCluster &amp; @PIMEC Logistics. Comprom\u00e8s amb la meva fam\u00edlia, el meu treball, Barcelona i Catalunya.\",\"sameAs\":[\"https:\/\/ignasisayol.com\",\"https:\/\/www.facebook.com\/ignasi.sayol\",\"https:\/\/www.instagram.com\/ignasi.sayol\/\",\"https:\/\/twitter.com\/http:\/\/twitter.com\/isayolsanta\"],\"url\":\"https:\/\/ignasisayol.com\/es\/author\/admin\/\"}]}<\/script>\n<!-- \/ Yoast SEO plugin. -->","yoast_head_json":{"title":"La inteligencia urbana y el futuro de las ciudades. - Ignasi Sayol","robots":{"index":"index","follow":"follow","max-snippet":"max-snippet:-1","max-image-preview":"max-image-preview:large","max-video-preview":"max-video-preview:-1"},"canonical":"https:\/\/ignasisayol.com\/es\/la-inteligencia-urbana-y-el-futuro-de-las-ciudades\/","og_locale":"es_ES","og_type":"article","og_title":"La inteligencia urbana y el futuro de las ciudades. - Ignasi Sayol","og_description":"La innovaci\u00f3n es el motor principal para el desarrollo global de todos los sectores.&hellip;","og_url":"https:\/\/ignasisayol.com\/es\/la-inteligencia-urbana-y-el-futuro-de-las-ciudades\/","og_site_name":"Ignasi Sayol","article_author":"https:\/\/www.facebook.com\/ignasi.sayol","article_published_time":"2018-11-26T14:04:25+00:00","og_image":[{"width":1222,"height":598,"url":"https:\/\/ignasisayol.com\/wp-content\/uploads\/2018\/11\/La-intel\u00b7lig\u00e8ncia-urbana-i-el-futur-de-les-ciutats.jpg","type":"image\/jpeg"}],"author":"Ignasi Sayol","twitter_card":"summary_large_image","twitter_creator":"@http:\/\/twitter.com\/isayolsanta","twitter_misc":{"Escrito por":"Ignasi Sayol","Tiempo de lectura":"6 minutos"},"schema":{"@context":"https:\/\/schema.org","@graph":[{"@type":"WebPage","@id":"https:\/\/ignasisayol.com\/es\/la-inteligencia-urbana-y-el-futuro-de-las-ciudades\/","url":"https:\/\/ignasisayol.com\/es\/la-inteligencia-urbana-y-el-futuro-de-las-ciudades\/","name":"La inteligencia urbana y el futuro de las ciudades. - Ignasi Sayol","isPartOf":{"@id":"https:\/\/ignasisayol.com\/#website"},"datePublished":"2018-11-26T14:04:25+00:00","dateModified":"2018-11-26T14:04:25+00:00","author":{"@id":"https:\/\/ignasisayol.com\/#\/schema\/person\/d748465f3d81d611e893b0467232287b"},"breadcrumb":{"@id":"https:\/\/ignasisayol.com\/es\/la-inteligencia-urbana-y-el-futuro-de-las-ciudades\/#breadcrumb"},"inLanguage":"es","potentialAction":[{"@type":"ReadAction","target":["https:\/\/ignasisayol.com\/es\/la-inteligencia-urbana-y-el-futuro-de-las-ciudades\/"]}]},{"@type":"BreadcrumbList","@id":"https:\/\/ignasisayol.com\/es\/la-inteligencia-urbana-y-el-futuro-de-las-ciudades\/#breadcrumb","itemListElement":[{"@type":"ListItem","position":1,"name":"Inici","item":"https:\/\/ignasisayol.com\/"},{"@type":"ListItem","position":2,"name":"La inteligencia urbana y el futuro de las ciudades."}]},{"@type":"WebSite","@id":"https:\/\/ignasisayol.com\/#website","url":"https:\/\/ignasisayol.com\/","name":"Ignasi Sayol","description":"","alternateName":"Ignasi Sayol","potentialAction":[{"@type":"SearchAction","target":{"@type":"EntryPoint","urlTemplate":"https:\/\/ignasisayol.com\/?s={search_term_string}"},"query-input":"required name=search_term_string"}],"inLanguage":"es"},{"@type":"Person","@id":"https:\/\/ignasisayol.com\/#\/schema\/person\/d748465f3d81d611e893b0467232287b","name":"Ignasi Sayol","image":{"@type":"ImageObject","inLanguage":"es","@id":"https:\/\/ignasisayol.com\/#\/schema\/person\/image\/","url":"https:\/\/ignasisayol.com\/wp-content\/uploads\/2018\/08\/isayolsanta-300x300.jpeg","contentUrl":"https:\/\/ignasisayol.com\/wp-content\/uploads\/2018\/08\/isayolsanta-300x300.jpeg","caption":"Ignasi Sayol"},"description":"Engineer &amp; MBA. Entrepreneur. President @logisticCluster &amp; @PIMEC Logistics. Comprom\u00e8s amb la meva fam\u00edlia, el meu treball, Barcelona i Catalunya.","sameAs":["https:\/\/ignasisayol.com","https:\/\/www.facebook.com\/ignasi.sayol","https:\/\/www.instagram.com\/ignasi.sayol\/","https:\/\/twitter.com\/http:\/\/twitter.com\/isayolsanta"],"url":"https:\/\/ignasisayol.com\/es\/author\/admin\/"}]}},"_links":{"self":[{"href":"https:\/\/ignasisayol.com\/es\/wp-json\/wp\/v2\/posts\/3267"}],"collection":[{"href":"https:\/\/ignasisayol.com\/es\/wp-json\/wp\/v2\/posts"}],"about":[{"href":"https:\/\/ignasisayol.com\/es\/wp-json\/wp\/v2\/types\/post"}],"author":[{"embeddable":true,"href":"https:\/\/ignasisayol.com\/es\/wp-json\/wp\/v2\/users\/1"}],"replies":[{"embeddable":true,"href":"https:\/\/ignasisayol.com\/es\/wp-json\/wp\/v2\/comments?post=3267"}],"version-history":[{"count":2,"href":"https:\/\/ignasisayol.com\/es\/wp-json\/wp\/v2\/posts\/3267\/revisions"}],"predecessor-version":[{"id":3269,"href":"https:\/\/ignasisayol.com\/es\/wp-json\/wp\/v2\/posts\/3267\/revisions\/3269"}],"wp:featuredmedia":[{"embeddable":true,"href":"https:\/\/ignasisayol.com\/es\/wp-json\/wp\/v2\/media\/3265"}],"wp:attachment":[{"href":"https:\/\/ignasisayol.com\/es\/wp-json\/wp\/v2\/media?parent=3267"}],"wp:term":[{"taxonomy":"category","embeddable":true,"href":"https:\/\/ignasisayol.com\/es\/wp-json\/wp\/v2\/categories?post=3267"},{"taxonomy":"post_tag","embeddable":true,"href":"https:\/\/ignasisayol.com\/es\/wp-json\/wp\/v2\/tags?post=3267"}],"curies":[{"name":"wp","href":"https:\/\/api.w.org\/{rel}","templated":true}]}}