{"id":5065,"date":"2026-09-04T09:42:45","date_gmt":"2026-09-04T07:42:45","guid":{"rendered":"https:\/\/ignasisayol.com\/?p=5065"},"modified":"2026-09-04T09:39:59","modified_gmt":"2026-09-04T07:39:59","slug":"la-logistica-esta-en-las-nubes","status":"publish","type":"post","link":"https:\/\/ignasisayol.com\/es\/la-logistica-esta-en-las-nubes\/","title":{"rendered":"La log\u00edstica est\u00e1 \u201cen las nubes\u201d"},"content":{"rendered":"<p>Cuando se habla del futuro de la log\u00edstica, las im\u00e1genes suelen ser espectaculares: almacenes llenos de robots, veh\u00edculos aut\u00f3nomos, drones sobrevolando ciudades o brazos mec\u00e1nicos preparando pedidos sin intervenci\u00f3n humana. Sin embargo, una parte mucho menos visible de la transformaci\u00f3n log\u00edstica puede estar teniendo un impacto mucho mayor<\/p>\n<p>Est\u00e1 ocurriendo en la nube.<\/p>\n<p><img fetchpriority=\"high\" class=\"aligncenter size-full wp-image-5061\" src=\"https:\/\/ignasisayol.com\/wp-content\/uploads\/2026\/09\/la-logistica-esta-en-las-nubes.jpg\" alt=\"La log\u00edstica est\u00e0 \u201cals n\u00favols\u201d\" width=\"1672\" height=\"941\" srcset=\"https:\/\/ignasisayol.com\/wp-content\/uploads\/2026\/09\/la-logistica-esta-en-las-nubes.jpg 1672w, https:\/\/ignasisayol.com\/wp-content\/uploads\/2026\/09\/la-logistica-esta-en-las-nubes-300x169.jpg 300w, https:\/\/ignasisayol.com\/wp-content\/uploads\/2026\/09\/la-logistica-esta-en-las-nubes-1030x580.jpg 1030w, https:\/\/ignasisayol.com\/wp-content\/uploads\/2026\/09\/la-logistica-esta-en-las-nubes-768x432.jpg 768w, https:\/\/ignasisayol.com\/wp-content\/uploads\/2026\/09\/la-logistica-esta-en-las-nubes-1536x864.jpg 1536w, https:\/\/ignasisayol.com\/wp-content\/uploads\/2026\/09\/la-logistica-esta-en-las-nubes-1170x658.jpg 1170w, https:\/\/ignasisayol.com\/wp-content\/uploads\/2026\/09\/la-logistica-esta-en-las-nubes-585x329.jpg 585w\" sizes=\"(max-width: 1672px) 100vw, 1672px\" \/><\/p>\n<p>El verdadero salto tecnol\u00f3gico de la log\u00edstica no consiste \u00fanicamente en automatizar el movimiento f\u00edsico de las mercanc\u00edas, sino en conseguir que empresas, plataformas, almacenes, transportistas y clientes puedan <strong>intercambiar informaci\u00f3n y reaccionar en tiempo real<\/strong>.<\/p>\n<p>Para conseguirlo, dos tecnolog\u00edas resultan especialmente importantes: el <strong>cloud computing<\/strong> y las <strong>APIs (Application Programming Interfaces, interfaces de programaci\u00f3n de aplicaciones)<\/strong>.<\/p>\n<p>Los robots pueden acelerar una operaci\u00f3n. Cloud y APIs pueden conectar todo el sistema.<\/p>\n<p><strong>How Huawei Cloud helped Ninja Van build a smarter, scalable logistics operation for the future. &#8211; <\/strong><a href=\"https:\/\/www.youtube.com\/watch?v=JZbYMov-B3g\"><strong><iframe title=\"YouTube video player\" src=\"https:\/\/www.youtube.com\/embed\/JZbYMov-B3g?si=t_i_rg-JG5WWHNKn\" width=\"560\" height=\"315\" frameborder=\"0\" allowfullscreen=\"allowfullscreen\"><\/iframe><\/strong><\/a><\/p>\n<h2>El problema de una log\u00edstica construida sobre sistemas cerrados<\/h2>\n<p>La log\u00edstica lleva d\u00e9cadas intercambiando informaci\u00f3n digitalmente. Uno de los mecanismos m\u00e1s utilizados ha sido el <strong>EDI (Electronic Data Interchange, intercambio electr\u00f3nico de datos)<\/strong>, que permiti\u00f3 sustituir numerosos documentos en papel por mensajes electr\u00f3nicos estructurados.<\/p>\n<p>Durante a\u00f1os fue una enorme mejora. El problema aparece cuando intentamos aplicar una arquitectura dise\u00f1ada para relaciones relativamente estables a un ecosistema log\u00edstico mucho m\u00e1s din\u00e1mico.<\/p>\n<p>Actualmente una empresa puede trabajar simult\u00e1neamente con m\u00faltiples operadores log\u00edsticos, marketplaces, proveedores, transportistas, plataformas de visibilidad, sistemas aduaneros, almacenes externos y clientes distribuidos por diferentes pa\u00edses.<\/p>\n<p>Cada nueva conexi\u00f3n puede implicar configuraciones, formatos de datos y procesos espec\u00edficos.<\/p>\n<p>El resultado es una especie de entramado digital donde a\u00f1adir un nuevo proveedor, cambiar de operador o incorporar una nueva herramienta puede convertirse en un proyecto tecnol\u00f3gico de varios meses.<\/p>\n<p>El EDI no desaparece sino que contin\u00faa siendo esencial en muchas operaciones, pero en determinados escenarios deja de ofrecer la flexibilidad necesaria.<\/p>\n<p>Y precisamente ah\u00ed entran las APIs.<\/p>\n<h2>APIs: el nuevo lenguaje com\u00fan de la log\u00edstica<\/h2>\n<p>Una API permite que dos sistemas intercambien informaci\u00f3n y ejecuten acciones de manera estructurada.<\/p>\n<p>Un ejemplo sencillo: cuando una tienda online muestra al cliente d\u00f3nde se encuentra su pedido, probablemente no est\u00e1 consultando manualmente el sistema del transportista. Su plataforma realiza una petici\u00f3n autom\u00e1tica a otra aplicaci\u00f3n y recibe informaci\u00f3n actualizada.<\/p>\n<p>Ese intercambio puede ocurrir miles de veces cada minuto.<\/p>\n<p>Aplicado a la log\u00edstica, las posibilidades son enormes.<\/p>\n<p>Una empresa puede consultar disponibilidad de transporte, solicitar una tarifa, generar una etiqueta, reservar una recogida, recibir la posici\u00f3n de un env\u00edo, actualizar un inventario o comunicar una incidencia pr\u00e1cticamente en tiempo real.<\/p>\n<p>Pero su verdadero valor no reside \u00fanicamente en automatizar estas tareas.<\/p>\n<p>Las APIs permiten <strong>convertir la log\u00edstica en un ecosistema conectable<\/strong>.<\/p>\n<p>En lugar de construir una integraci\u00f3n tecnol\u00f3gica r\u00edgida para cada relaci\u00f3n comercial, las empresas pueden crear arquitecturas donde nuevos operadores, servicios o plataformas se incorporen con mucha mayor rapidez.<\/p>\n<p>La integraci\u00f3n deja de ser \u00fanicamente un proyecto de IT y empieza a convertirse en una capacidad estrat\u00e9gica.<\/p>\n<p><strong>Leaps in Logistics | Where the Internet Lives<\/strong><\/p>\n<p><a href=\"https:\/\/youtu.be\/QdRfaMRjzvw?si=MMmBQXtX3z_Qx4Ln\"><strong><iframe title=\"YouTube video player\" src=\"https:\/\/www.youtube.com\/embed\/QdRfaMRjzvw?si=gVOmGMH6y-cpNPyt\" width=\"560\" height=\"315\" frameborder=\"0\" allowfullscreen=\"allowfullscreen\"><\/iframe><\/strong><\/a><\/p>\n<h2>Cloud: mucho m\u00e1s que mover servidores<\/h2>\n<p>Algo parecido ocurre con el cloud.<\/p>\n<p>Durante a\u00f1os, muchas conversaciones sobre migraci\u00f3n a la nube se centraron en una pregunta bastante t\u00e9cnica: \u00bfd\u00f3nde est\u00e1n alojados nuestros servidores?<\/p>\n<p>Pero el verdadero valor del cloud para la log\u00edstica no consiste simplemente en trasladar infraestructura desde un centro de datos propio hasta otro gestionado por un proveedor.<\/p>\n<p>Su valor est\u00e1 en la <strong>agilidad<\/strong>.<\/p>\n<p>Una arquitectura cloud permite escalar capacidad cuando aumenta la demanda, desplegar aplicaciones en diferentes regiones, procesar grandes cantidades de informaci\u00f3n y conectar servicios digitales con mucha m\u00e1s rapidez.<\/p>\n<p>Pensemos en una campa\u00f1a de comercio electr\u00f3nico que multiplica los pedidos durante unos d\u00edas, una crisis geopol\u00edtica que obliga a recalcular rutas o una interrupci\u00f3n portuaria que modifica miles de entregas.<\/p>\n<p>En estos escenarios, la infraestructura tecnol\u00f3gica debe ser capaz de absorber cambios r\u00e1pidamente.<\/p>\n<p>La nube convierte esa flexibilidad en parte de la arquitectura.<\/p>\n<p>Combinada con APIs, adem\u00e1s, facilita que diferentes aplicaciones especializadas puedan trabajar juntas: sistemas de gesti\u00f3n de transporte (TMS), gesti\u00f3n de almacenes (WMS), plataformas de visibilidad, motores de inteligencia artificial, herramientas de previsi\u00f3n o sistemas de gesti\u00f3n de pedidos.<\/p>\n<p>La log\u00edstica deja as\u00ed de depender de un gran sistema monol\u00edtico y puede evolucionar hacia un ecosistema de capacidades conectadas.<\/p>\n<h2>Antes de automatizar, hay que conectar<\/h2>\n<p>Esta idea tambi\u00e9n cambia la conversaci\u00f3n sobre automatizaci\u00f3n.<\/p>\n<p>Comprar robots para un almac\u00e9n puede mejorar productividad, velocidad o precisi\u00f3n. Pero si esos robots operan dentro de procesos desconectados del resto de la cadena, el impacto global seguir\u00e1 siendo limitado.<\/p>\n<p>Un almac\u00e9n extremadamente automatizado no resuelve por s\u00ed solo que la informaci\u00f3n de inventario llegue tarde, que transporte trabaje con datos diferentes a ventas o que una incidencia tarde horas en propagarse entre sistemas.<\/p>\n<p>La automatizaci\u00f3n f\u00edsica funciona mucho mejor cuando existe primero una arquitectura digital capaz de conectarla.<\/p>\n<p>Por eso, en muchos casos, la secuencia deber\u00eda ser: <strong>conectar, integrar, automatizar y despu\u00e9s optimizar.<\/strong><\/p>\n<p>No necesariamente al rev\u00e9s.<\/p>\n<p><strong>Oracle Connected Logistics &#8211;<\/strong><\/p>\n<p><a href=\"https:\/\/www.youtube.com\/watch?v=BwfDw08jSGw\"><strong><iframe title=\"YouTube video player\" src=\"https:\/\/www.youtube.com\/embed\/BwfDw08jSGw?si=RVEyGgznQsnNT4zl\" width=\"560\" height=\"315\" frameborder=\"0\" allowfullscreen=\"allowfullscreen\"><\/iframe><\/strong><\/a><\/p>\n<p><strong>El peligro de llevar procesos antiguos al cloud<\/strong><\/p>\n<p>Sin embargo, migrar a cloud tampoco garantiza una transformaci\u00f3n.<\/p>\n<p>Existe un riesgo frecuente: trasladar exactamente los mismos procesos, dependencias y estructuras tecnol\u00f3gicas existentes a una infraestructura m\u00e1s moderna.<\/p>\n<p>Es decir, cambiar la tecnolog\u00eda sin cambiar la l\u00f3gica.<\/p>\n<p>Si una empresa necesita doce aprobaciones para modificar una ruta, la nube no elimina esas doce aprobaciones.<\/p>\n<p>Si diferentes departamentos mantienen bases de datos contradictorias, una API puede incluso acelerar la circulaci\u00f3n de informaci\u00f3n inconsistente. Y si incorporar un nuevo proveedor exige semanas de decisiones internas, disponer de una infraestructura escalable aporta relativamente poco.<\/p>\n<p>Por eso, una transformaci\u00f3n basada en cloud y APIs deber\u00eda comenzar tambi\u00e9n con preguntas organizativas.<\/p>\n<p>\u00bfQu\u00e9 informaci\u00f3n deber\u00eda circular en tiempo real? \u00bfQu\u00e9 decisiones podr\u00edan automatizarse? \u00bfQu\u00e9 sistemas deber\u00edan compartir datos? \u00bfD\u00f3nde siguen existiendo procesos manuales que generan retrasos? \u00bfQu\u00e9 actores necesitan acceder a qu\u00e9 informaci\u00f3n?<\/p>\n<p>La arquitectura tecnol\u00f3gica debe acompa\u00f1ar al redise\u00f1o de procesos, no sustituirlo.<\/p>\n<p><strong>La log\u00edstica se est\u00e1 convirtiendo en una red digital<\/strong><\/p>\n<p>La ventaja competitiva futura de muchas empresas log\u00edsticas no depender\u00e1 \u00fanicamente del n\u00famero de almacenes, veh\u00edculos o robots que tengan.<\/p>\n<p>Depender\u00e1 tambi\u00e9n de <strong>cu\u00e1n f\u00e1cilmente puedan conectarse con otros<\/strong>.<\/p>\n<p>Una empresa capaz de incorporar r\u00e1pidamente un nuevo operador, a\u00f1adir una plataforma de inteligencia artificial, integrar datos de un cliente o reaccionar ante una disrupci\u00f3n tendr\u00e1 una ventaja dif\u00edcil de conseguir mediante automatizaci\u00f3n f\u00edsica \u00fanicamente.<\/p>\n<p>Los robots seguir\u00e1n siendo fundamentales. Los almacenes ser\u00e1n cada vez m\u00e1s aut\u00f3nomos y el transporte incorporar\u00e1 nuevas formas de automatizaci\u00f3n.<\/p>\n<p>Pero debajo de toda esa maquinaria habr\u00e1 algo mucho menos visible haciendo posible la coordinaci\u00f3n: infraestructura cloud, datos y APIs intercambiando informaci\u00f3n constantemente.<\/p>\n<p>Quiz\u00e1 por eso la pr\u00f3xima gran revoluci\u00f3n log\u00edstica no tenga forma de robot.<\/p>\n<p>Antes de hacer que las m\u00e1quinas se muevan m\u00e1s r\u00e1pido, necesitamos conseguir que toda la log\u00edstica pueda hablar el mismo lenguaje.<\/p>\n","protected":false},"excerpt":{"rendered":"<p>Cuando se habla del futuro de la log\u00edstica, las im\u00e1genes suelen ser espectaculares: almacenes&hellip;<\/p>\n","protected":false},"author":1,"featured_media":5061,"comment_status":"closed","ping_status":"closed","sticky":false,"template":"","format":"standard","meta":[],"categories":[224,59,60,63],"tags":[306,222,180],"yoast_head":"<!-- This site is optimized with the Yoast SEO plugin v20.2.1 - https:\/\/yoast.com\/wordpress\/plugins\/seo\/ -->\n<title>La log\u00edstica est\u00e1 \u201cen las nubes\u201d - Ignasi Sayol<\/title>\n<meta name=\"robots\" content=\"index, follow, max-snippet:-1, max-image-preview:large, max-video-preview:-1\" \/>\n<link rel=\"canonical\" href=\"https:\/\/ignasisayol.com\/la-logistica-esta-als-nuvols\/\" \/>\n<meta property=\"og:locale\" content=\"es_ES\" \/>\n<meta property=\"og:type\" content=\"article\" \/>\n<meta property=\"og:title\" content=\"La log\u00edstica est\u00e1 \u201cen las nubes\u201d - Ignasi Sayol\" \/>\n<meta property=\"og:description\" content=\"Cuando se habla del futuro de la log\u00edstica, las im\u00e1genes suelen ser espectaculares: almacenes&hellip;\" \/>\n<meta property=\"og:url\" content=\"https:\/\/ignasisayol.com\/la-logistica-esta-als-nuvols\/\" \/>\n<meta property=\"og:site_name\" content=\"Ignasi Sayol\" \/>\n<meta property=\"article:author\" content=\"https:\/\/www.facebook.com\/ignasi.sayol\" \/>\n<meta property=\"article:published_time\" content=\"2026-09-04T07:42:45+00:00\" \/>\n<meta property=\"article:modified_time\" content=\"2026-09-04T07:39:59+00:00\" \/>\n<meta property=\"og:image\" content=\"https:\/\/ignasisayol.com\/wp-content\/uploads\/2026\/09\/la-logistica-esta-en-las-nubes.jpg\" \/>\n\t<meta property=\"og:image:width\" content=\"1672\" \/>\n\t<meta property=\"og:image:height\" content=\"941\" \/>\n\t<meta property=\"og:image:type\" content=\"image\/jpeg\" \/>\n<meta name=\"author\" content=\"Ignasi Sayol\" \/>\n<meta name=\"twitter:card\" content=\"summary_large_image\" \/>\n<meta name=\"twitter:creator\" content=\"@http:\/\/twitter.com\/isayolsanta\" \/>\n<meta name=\"twitter:label1\" content=\"Escrito por\" \/>\n\t<meta name=\"twitter:data1\" content=\"Ignasi Sayol\" \/>\n\t<meta name=\"twitter:label2\" content=\"Tiempo de lectura\" \/>\n\t<meta name=\"twitter:data2\" content=\"7 minutos\" \/>\n<script type=\"application\/ld+json\" class=\"yoast-schema-graph\">{\"@context\":\"https:\/\/schema.org\",\"@graph\":[{\"@type\":\"WebPage\",\"@id\":\"https:\/\/ignasisayol.com\/la-logistica-esta-als-nuvols\/\",\"url\":\"https:\/\/ignasisayol.com\/la-logistica-esta-als-nuvols\/\",\"name\":\"La log\u00edstica est\u00e1 \u201cen las nubes\u201d - Ignasi Sayol\",\"isPartOf\":{\"@id\":\"https:\/\/ignasisayol.com\/#website\"},\"datePublished\":\"2026-09-04T07:42:45+00:00\",\"dateModified\":\"2026-09-04T07:39:59+00:00\",\"author\":{\"@id\":\"https:\/\/ignasisayol.com\/#\/schema\/person\/d748465f3d81d611e893b0467232287b\"},\"breadcrumb\":{\"@id\":\"https:\/\/ignasisayol.com\/la-logistica-esta-als-nuvols\/#breadcrumb\"},\"inLanguage\":\"es\",\"potentialAction\":[{\"@type\":\"ReadAction\",\"target\":[\"https:\/\/ignasisayol.com\/la-logistica-esta-als-nuvols\/\"]}]},{\"@type\":\"BreadcrumbList\",\"@id\":\"https:\/\/ignasisayol.com\/la-logistica-esta-als-nuvols\/#breadcrumb\",\"itemListElement\":[{\"@type\":\"ListItem\",\"position\":1,\"name\":\"Inici\",\"item\":\"https:\/\/ignasisayol.com\/\"},{\"@type\":\"ListItem\",\"position\":2,\"name\":\"La log\u00edstica est\u00e1 \u201cen las nubes\u201d\"}]},{\"@type\":\"WebSite\",\"@id\":\"https:\/\/ignasisayol.com\/#website\",\"url\":\"https:\/\/ignasisayol.com\/\",\"name\":\"Ignasi Sayol\",\"description\":\"\",\"alternateName\":\"Ignasi Sayol\",\"potentialAction\":[{\"@type\":\"SearchAction\",\"target\":{\"@type\":\"EntryPoint\",\"urlTemplate\":\"https:\/\/ignasisayol.com\/?s={search_term_string}\"},\"query-input\":\"required name=search_term_string\"}],\"inLanguage\":\"es\"},{\"@type\":\"Person\",\"@id\":\"https:\/\/ignasisayol.com\/#\/schema\/person\/d748465f3d81d611e893b0467232287b\",\"name\":\"Ignasi Sayol\",\"image\":{\"@type\":\"ImageObject\",\"inLanguage\":\"es\",\"@id\":\"https:\/\/ignasisayol.com\/#\/schema\/person\/image\/\",\"url\":\"https:\/\/ignasisayol.com\/wp-content\/uploads\/2018\/08\/isayolsanta-300x300.jpeg\",\"contentUrl\":\"https:\/\/ignasisayol.com\/wp-content\/uploads\/2018\/08\/isayolsanta-300x300.jpeg\",\"caption\":\"Ignasi Sayol\"},\"description\":\"Engineer &amp; MBA. Entrepreneur. President @logisticCluster &amp; @PIMEC Logistics. Comprom\u00e8s amb la meva fam\u00edlia, el meu treball, Barcelona i Catalunya.\",\"sameAs\":[\"https:\/\/ignasisayol.com\",\"https:\/\/www.facebook.com\/ignasi.sayol\",\"https:\/\/www.instagram.com\/ignasi.sayol\/\",\"https:\/\/twitter.com\/http:\/\/twitter.com\/isayolsanta\"],\"url\":\"https:\/\/ignasisayol.com\/es\/author\/admin\/\"}]}<\/script>\n<!-- \/ Yoast SEO plugin. -->","yoast_head_json":{"title":"La log\u00edstica est\u00e1 \u201cen las nubes\u201d - Ignasi Sayol","robots":{"index":"index","follow":"follow","max-snippet":"max-snippet:-1","max-image-preview":"max-image-preview:large","max-video-preview":"max-video-preview:-1"},"canonical":"https:\/\/ignasisayol.com\/la-logistica-esta-als-nuvols\/","og_locale":"es_ES","og_type":"article","og_title":"La log\u00edstica est\u00e1 \u201cen las nubes\u201d - Ignasi Sayol","og_description":"Cuando se habla del futuro de la log\u00edstica, las im\u00e1genes suelen ser espectaculares: almacenes&hellip;","og_url":"https:\/\/ignasisayol.com\/la-logistica-esta-als-nuvols\/","og_site_name":"Ignasi Sayol","article_author":"https:\/\/www.facebook.com\/ignasi.sayol","article_published_time":"2026-09-04T07:42:45+00:00","article_modified_time":"2026-09-04T07:39:59+00:00","og_image":[{"width":1672,"height":941,"url":"https:\/\/ignasisayol.com\/wp-content\/uploads\/2026\/09\/la-logistica-esta-en-las-nubes.jpg","type":"image\/jpeg"}],"author":"Ignasi Sayol","twitter_card":"summary_large_image","twitter_creator":"@http:\/\/twitter.com\/isayolsanta","twitter_misc":{"Escrito por":"Ignasi Sayol","Tiempo de lectura":"7 minutos"},"schema":{"@context":"https:\/\/schema.org","@graph":[{"@type":"WebPage","@id":"https:\/\/ignasisayol.com\/la-logistica-esta-als-nuvols\/","url":"https:\/\/ignasisayol.com\/la-logistica-esta-als-nuvols\/","name":"La log\u00edstica est\u00e1 \u201cen las nubes\u201d - Ignasi Sayol","isPartOf":{"@id":"https:\/\/ignasisayol.com\/#website"},"datePublished":"2026-09-04T07:42:45+00:00","dateModified":"2026-09-04T07:39:59+00:00","author":{"@id":"https:\/\/ignasisayol.com\/#\/schema\/person\/d748465f3d81d611e893b0467232287b"},"breadcrumb":{"@id":"https:\/\/ignasisayol.com\/la-logistica-esta-als-nuvols\/#breadcrumb"},"inLanguage":"es","potentialAction":[{"@type":"ReadAction","target":["https:\/\/ignasisayol.com\/la-logistica-esta-als-nuvols\/"]}]},{"@type":"BreadcrumbList","@id":"https:\/\/ignasisayol.com\/la-logistica-esta-als-nuvols\/#breadcrumb","itemListElement":[{"@type":"ListItem","position":1,"name":"Inici","item":"https:\/\/ignasisayol.com\/"},{"@type":"ListItem","position":2,"name":"La log\u00edstica est\u00e1 \u201cen las nubes\u201d"}]},{"@type":"WebSite","@id":"https:\/\/ignasisayol.com\/#website","url":"https:\/\/ignasisayol.com\/","name":"Ignasi Sayol","description":"","alternateName":"Ignasi Sayol","potentialAction":[{"@type":"SearchAction","target":{"@type":"EntryPoint","urlTemplate":"https:\/\/ignasisayol.com\/?s={search_term_string}"},"query-input":"required name=search_term_string"}],"inLanguage":"es"},{"@type":"Person","@id":"https:\/\/ignasisayol.com\/#\/schema\/person\/d748465f3d81d611e893b0467232287b","name":"Ignasi Sayol","image":{"@type":"ImageObject","inLanguage":"es","@id":"https:\/\/ignasisayol.com\/#\/schema\/person\/image\/","url":"https:\/\/ignasisayol.com\/wp-content\/uploads\/2018\/08\/isayolsanta-300x300.jpeg","contentUrl":"https:\/\/ignasisayol.com\/wp-content\/uploads\/2018\/08\/isayolsanta-300x300.jpeg","caption":"Ignasi Sayol"},"description":"Engineer &amp; MBA. Entrepreneur. President @logisticCluster &amp; @PIMEC Logistics. Comprom\u00e8s amb la meva fam\u00edlia, el meu treball, Barcelona i Catalunya.","sameAs":["https:\/\/ignasisayol.com","https:\/\/www.facebook.com\/ignasi.sayol","https:\/\/www.instagram.com\/ignasi.sayol\/","https:\/\/twitter.com\/http:\/\/twitter.com\/isayolsanta"],"url":"https:\/\/ignasisayol.com\/es\/author\/admin\/"}]}},"_links":{"self":[{"href":"https:\/\/ignasisayol.com\/es\/wp-json\/wp\/v2\/posts\/5065"}],"collection":[{"href":"https:\/\/ignasisayol.com\/es\/wp-json\/wp\/v2\/posts"}],"about":[{"href":"https:\/\/ignasisayol.com\/es\/wp-json\/wp\/v2\/types\/post"}],"author":[{"embeddable":true,"href":"https:\/\/ignasisayol.com\/es\/wp-json\/wp\/v2\/users\/1"}],"replies":[{"embeddable":true,"href":"https:\/\/ignasisayol.com\/es\/wp-json\/wp\/v2\/comments?post=5065"}],"version-history":[{"count":1,"href":"https:\/\/ignasisayol.com\/es\/wp-json\/wp\/v2\/posts\/5065\/revisions"}],"predecessor-version":[{"id":5066,"href":"https:\/\/ignasisayol.com\/es\/wp-json\/wp\/v2\/posts\/5065\/revisions\/5066"}],"wp:featuredmedia":[{"embeddable":true,"href":"https:\/\/ignasisayol.com\/es\/wp-json\/wp\/v2\/media\/5061"}],"wp:attachment":[{"href":"https:\/\/ignasisayol.com\/es\/wp-json\/wp\/v2\/media?parent=5065"}],"wp:term":[{"taxonomy":"category","embeddable":true,"href":"https:\/\/ignasisayol.com\/es\/wp-json\/wp\/v2\/categories?post=5065"},{"taxonomy":"post_tag","embeddable":true,"href":"https:\/\/ignasisayol.com\/es\/wp-json\/wp\/v2\/tags?post=5065"}],"curies":[{"name":"wp","href":"https:\/\/api.w.org\/{rel}","templated":true}]}}